{"id":49147,"date":"2025-01-14T16:39:34","date_gmt":"2025-01-14T19:39:34","guid":{"rendered":"https:\/\/www.blogdomassinha.com.br\/v1\/?p=49147"},"modified":"2025-01-14T16:48:23","modified_gmt":"2025-01-14T19:48:23","slug":"vida-de-artista-mina-cantora-conquistense-conta-sua-historia-hoje-no-agito-geral","status":"publish","type":"post","link":"https:\/\/www.blogdomassinha.com.br\/v1\/2025\/01\/14\/vida-de-artista-mina-cantora-conquistense-conta-sua-historia-hoje-no-agito-geral\/","title":{"rendered":"Vida de artista: Mina, cantora conquistense, conta sua hist\u00f3ria hoje no Agito Geral"},"content":{"rendered":"<p class=\"p1\"><span class=\"s1\"><img loading=\"lazy\" class=\"size-medium wp-image-49148 alignleft\" src=\"https:\/\/www.blogdomassinha.com.br\/v1\/wp-content\/uploads\/2025\/01\/2c5d17f4-5429-44d2-9ae4-13f6685a2781-277x300.jpeg\" alt=\"\" width=\"277\" height=\"300\" srcset=\"https:\/\/www.blogdomassinha.com.br\/v1\/wp-content\/uploads\/2025\/01\/2c5d17f4-5429-44d2-9ae4-13f6685a2781-277x300.jpeg 277w, https:\/\/www.blogdomassinha.com.br\/v1\/wp-content\/uploads\/2025\/01\/2c5d17f4-5429-44d2-9ae4-13f6685a2781.jpeg 462w\" sizes=\"(max-width: 277px) 100vw, 277px\" \/><br \/>\nA <\/span><span class=\"s2\">vida de um artista<\/span><span class=\"s1\"> vai muito al\u00e9m dos palcos e dos holofotes. Por tr\u00e1s de cada apresenta\u00e7\u00e3o, h\u00e1 uma hist\u00f3ria de <\/span><span class=\"s2\">luta, perseveran\u00e7a e desafios<\/span><span class=\"s1\">. Muitos imaginam que a carreira art\u00edstica \u00e9 um <\/span><span class=\"s2\">mar de rosas<\/span><span class=\"s1\">, mas a realidade \u00e9 bem diferente. Tornar-se um <\/span><span class=\"s2\">artista de sucesso<\/span><span class=\"s1\"> exige <\/span><span class=\"s2\">sacrif\u00edcios, ren\u00fancias<\/span><span class=\"s1\">e, muitas vezes, enfrentar a <\/span><span class=\"s2\">falta de apoio<\/span><span class=\"s1\"> para alcan\u00e7ar os seus sonhos.<\/span><\/p>\n<p class=\"p1\"><span class=\"s1\">Essa realidade ser\u00e1 tema do programa <\/span><span class=\"s2\">Agito Geral<\/span><span class=\"s1\">, hoje, \u00e0s <\/span><span class=\"s2\">19h<\/span><span class=\"s1\">, com a participa\u00e7\u00e3o especial da <\/span><span class=\"s2\">cantora conquistense Mina<\/span><span class=\"s1\">, que compartilhar\u00e1 sua trajet\u00f3ria, desafios e conquistas no cen\u00e1rio musical.<\/span><\/p>\n<p class=\"p1\"><strong><span class=\"s2\">O Desafio de Ser Artista no Brasil<\/span><\/strong><\/p>\n<p class=\"p1\"><span class=\"s1\">Assim como em outras \u00e1reas, o caminho art\u00edstico \u00e9 repleto de <\/span><span class=\"s2\">obst\u00e1culos<\/span><span class=\"s1\">. Al\u00e9m do talento, \u00e9 necess\u00e1rio <\/span><span class=\"s2\">dedica\u00e7\u00e3o intensa<\/span><span class=\"s1\">, <\/span><span class=\"s2\">estudo constante<\/span><span class=\"s1\"> e, muitas vezes, lidar com a <\/span><span class=\"s2\">falta de incentivo<\/span><span class=\"s1\"> por parte dos \u00f3rg\u00e3os p\u00fablicos e de <\/span><span class=\"s2\">espa\u00e7os culturais limitados<\/span><span class=\"s1\">.<\/span><\/p>\n<p class=\"p1\"><span class=\"s1\">O sonho de muitos artistas vai al\u00e9m do reconhecimento pessoal: eles buscam <\/span><span class=\"s2\">sustentar suas fam\u00edlias<\/span><span class=\"s1\">e mudar suas realidades, principalmente quando t\u00eam origens mais humildes. Infelizmente, <\/span><span class=\"s2\">oportunidades escassas<\/span><span class=\"s1\"> e a falta de <\/span><span class=\"s2\">pol\u00edticas culturais efetivas<\/span><span class=\"s1\"> tornam o caminho ainda mais desafiador.<\/span><\/p>\n<p class=\"p1\"><strong><span class=\"s2\">A Hist\u00f3ria Inspiradora de Mina<\/span><\/strong><\/p>\n<p class=\"p1\"><span class=\"s1\">A jovem <\/span><span class=\"s2\">Mina<\/span><span class=\"s1\">, talentosa cantora de <\/span><span class=\"s2\">Vit\u00f3ria da Conquista<\/span><span class=\"s1\">, tem sido um exemplo de <\/span><span class=\"s2\">resili\u00eancia<\/span><span class=\"s1\"> e busca constante pelo seu espa\u00e7o no cen\u00e1rio musical. Contando com o apoio incans\u00e1vel de sua <\/span><span class=\"s2\">m\u00e3e<\/span><span class=\"s1\">, que tamb\u00e9m atua como sua <\/span><span class=\"s2\">produtora e incentivadora<\/span><span class=\"s1\">, Mina j\u00e1 vem se destacando com sua voz marcante e seu trabalho autoral.<\/span><!--more--><\/p>\n<p class=\"p1\"><span class=\"s1\">A artista participou do programa <\/span><span class=\"s2\">Canta Comigo<\/span><span class=\"s1\">, da <\/span><span class=\"s2\">Rede Record<\/span><span class=\"s1\">, uma vitrine importante para talentos emergentes no Brasil. Essa experi\u00eancia, repleta de aprendizados e desafios, ser\u00e1 um dos temas abordados em sua participa\u00e7\u00e3o no programa desta noite.<\/span><\/p>\n<p class=\"p1\"><strong><span class=\"s2\">Falta de Espa\u00e7os Culturais em Conquista<\/span><\/strong><\/p>\n<p class=\"p1\"><span class=\"s1\">Apesar do talento evidente, <\/span><span class=\"s2\">Mina<\/span><span class=\"s1\"> enfrenta uma realidade comum a muitos artistas locais: a <\/span><span class=\"s2\">falta de espa\u00e7os<\/span><span class=\"s1\"> adequados para apresenta\u00e7\u00f5es em <\/span><span class=\"s2\">Vit\u00f3ria da Conquista<\/span><span class=\"s1\">. Muitos artistas t\u00eam dificuldades em encontrar <\/span><span class=\"s2\">palcos abertos<\/span><span class=\"s1\"> para apresentar sua arte ao p\u00fablico, sendo obrigados a se limitar a eventos privados ou espa\u00e7os reduzidos.<\/span><\/p>\n<p class=\"p1\"><span class=\"s1\">O apelo da cantora e de tantos outros talentos da cidade \u00e9 para que <\/span><span class=\"s2\">mais espa\u00e7os culturais<\/span><span class=\"s1\"> sejam abertos, permitindo que a <\/span><span class=\"s2\">arte local<\/span><span class=\"s1\"> seja <\/span><span class=\"s2\">valorizada<\/span><span class=\"s1\"> e aplaudida pelo p\u00fablico.<\/span><\/p>\n<p class=\"p1\"><strong><span class=\"s2\">Convite para o Agito Geral \u2013 Hoje \u00e0s 19h<\/span><\/strong><\/p>\n<p class=\"p1\"><span class=\"s2\">Mina<\/span><span class=\"s1\"> estar\u00e1 hoje, \u00e0s <\/span><span class=\"s2\">19h<\/span><span class=\"s1\">, no programa <\/span><span class=\"s2\">Agito Geral<\/span><span class=\"s1\">, compartilhando sua hist\u00f3ria de supera\u00e7\u00e3o e sua busca por reconhecimento. Ser\u00e1 uma conversa inspiradora sobre o <\/span><span class=\"s2\">universo art\u00edstico<\/span><span class=\"s1\">, seus desafios e a import\u00e2ncia de <\/span><span class=\"s2\">acreditar nos sonhos<\/span><span class=\"s1\">.<\/span><\/p>\n<p class=\"p1\"><span class=\"s2\">Acompanhe ao vivo pelo r\u00e1dio e pelo Instagram do Blog do Massinha.<\/span><\/p>\n","protected":false},"excerpt":{"rendered":"<p>A vida de um artista vai muito al\u00e9m dos palcos e dos holofotes. Por tr\u00e1s de cada apresenta\u00e7\u00e3o, h\u00e1 uma hist\u00f3ria de luta, perseveran\u00e7a e desafios. Muitos imaginam que a carreira art\u00edstica \u00e9 um mar de rosas, mas a realidade \u00e9 bem diferente. Tornar-se um artista de sucesso exige sacrif\u00edcios, ren\u00fanciase, muitas vezes, enfrentar a [&hellip;]<\/p>\n","protected":false},"author":3,"featured_media":49148,"comment_status":"open","ping_status":"open","sticky":false,"template":"","format":"standard","meta":[],"categories":[7,1],"tags":[],"_links":{"self":[{"href":"https:\/\/www.blogdomassinha.com.br\/v1\/wp-json\/wp\/v2\/posts\/49147"}],"collection":[{"href":"https:\/\/www.blogdomassinha.com.br\/v1\/wp-json\/wp\/v2\/posts"}],"about":[{"href":"https:\/\/www.blogdomassinha.com.br\/v1\/wp-json\/wp\/v2\/types\/post"}],"author":[{"embeddable":true,"href":"https:\/\/www.blogdomassinha.com.br\/v1\/wp-json\/wp\/v2\/users\/3"}],"replies":[{"embeddable":true,"href":"https:\/\/www.blogdomassinha.com.br\/v1\/wp-json\/wp\/v2\/comments?post=49147"}],"version-history":[{"count":2,"href":"https:\/\/www.blogdomassinha.com.br\/v1\/wp-json\/wp\/v2\/posts\/49147\/revisions"}],"predecessor-version":[{"id":49153,"href":"https:\/\/www.blogdomassinha.com.br\/v1\/wp-json\/wp\/v2\/posts\/49147\/revisions\/49153"}],"wp:featuredmedia":[{"embeddable":true,"href":"https:\/\/www.blogdomassinha.com.br\/v1\/wp-json\/wp\/v2\/media\/49148"}],"wp:attachment":[{"href":"https:\/\/www.blogdomassinha.com.br\/v1\/wp-json\/wp\/v2\/media?parent=49147"}],"wp:term":[{"taxonomy":"category","embeddable":true,"href":"https:\/\/www.blogdomassinha.com.br\/v1\/wp-json\/wp\/v2\/categories?post=49147"},{"taxonomy":"post_tag","embeddable":true,"href":"https:\/\/www.blogdomassinha.com.br\/v1\/wp-json\/wp\/v2\/tags?post=49147"}],"curies":[{"name":"wp","href":"https:\/\/api.w.org\/{rel}","templated":true}]}}