{"id":49006,"date":"2025-01-07T19:26:01","date_gmt":"2025-01-07T22:26:01","guid":{"rendered":"https:\/\/www.blogdomassinha.com.br\/v1\/?p=49006"},"modified":"2025-01-07T19:26:01","modified_gmt":"2025-01-07T22:26:01","slug":"carlos-pitta-seu-canto-ecoara-para-sempre","status":"publish","type":"post","link":"https:\/\/www.blogdomassinha.com.br\/v1\/2025\/01\/07\/carlos-pitta-seu-canto-ecoara-para-sempre\/","title":{"rendered":"Carlos Pitta: seu canto ecoar\u00e1 para sempre"},"content":{"rendered":"<p class=\"p1\"><span class=\"s1\"><img loading=\"lazy\" class=\"size-medium wp-image-49007 alignleft\" src=\"https:\/\/www.blogdomassinha.com.br\/v1\/wp-content\/uploads\/2025\/01\/IMG_4249-300x225.jpeg\" alt=\"\" width=\"300\" height=\"225\" srcset=\"https:\/\/www.blogdomassinha.com.br\/v1\/wp-content\/uploads\/2025\/01\/IMG_4249-300x225.jpeg 300w, https:\/\/www.blogdomassinha.com.br\/v1\/wp-content\/uploads\/2025\/01\/IMG_4249.jpeg 600w\" sizes=\"(max-width: 300px) 100vw, 300px\" \/><br \/>\nCarlos Pitta, voc\u00ea partiu. Ficaremos sem sua presen\u00e7a f\u00edsica, mas seu legado musical permanecer\u00e1 vivo entre n\u00f3s. Voc\u00ea fez parte da pl\u00eaiade dos grandes nomes da m\u00fasica baiana, um dos artistas que marcaram a hist\u00f3ria cultural do nosso estado com a for\u00e7a do seu talento e a originalidade do seu canto.<\/span><\/p>\n<p class=\"p1\"><span class=\"s1\">Ao relembrar o in\u00edcio da m\u00fasica baiana, \u00e9 imposs\u00edvel n\u00e3o se emocionar ao recordar tantos nomes que ajudaram a construir essa hist\u00f3ria. Artistas que brilharam nos palcos, trio el\u00e9tricos e pra\u00e7as p\u00fablicas, levando o som da Bahia para al\u00e9m das fronteiras do nosso estado, conquistando todo o Brasil. Mestres, cantadores, poetas e compositores, que, com sua arte, transformaram as ruas da capital e do interior em verdadeiros templos de celebra\u00e7\u00e3o musical.<\/span><\/p>\n<p class=\"p1\"><span class=\"s1\">Recentemente, perdemos grandes \u00edcones como <\/span><span class=\"s2\">Moraes Moreira<\/span><span class=\"s1\"> e <\/span><span class=\"s2\">Zelito Miranda<\/span><span class=\"s1\">, artistas apaixonados pelo que faziam, que viveram intensamente a m\u00fasica e a poesia nordestina. Hoje, nos despedimos de voc\u00ea, <\/span><span class=\"s2\">Carlos Pitta<\/span><span class=\"s1\">, o mestre dos galopes, um dos respons\u00e1veis por abrir caminhos para que o <\/span><span class=\"s2\">Chiclete com Banana<\/span><span class=\"s1\"> e tantos outros nomes levassem a m\u00fasica baiana ainda mais longe, tornando-a uma express\u00e3o art\u00edstica sem fronteiras.<\/span><!--more--><\/p>\n<p class=\"p1\"><span class=\"s1\">Seus galopes incr\u00edveis, cantados e compostos com alma e emo\u00e7\u00e3o, fizeram de n\u00f3s verdadeiros foli\u00f5es, carnavalescos e micaretescos. E mesmo em meio \u00e0 tristeza de sua partida, encontramos consolo ao recordar a alegria que voc\u00ea espalhou por onde passou.<\/span><\/p>\n<p class=\"p1\"><span class=\"s1\">A m\u00fasica, a voz e o legado de Carlos Pitta seguir\u00e3o ecoando nos quatro cantos do estado e do pa\u00eds. V\u00e1 em paz, mestre! A Bahia, o Brasil e seus f\u00e3s estar\u00e3o sempre saudosos, mas com o cora\u00e7\u00e3o grato pelo imenso presente que foi sua arte. Seu canto sagrado ser\u00e1 eterno.<\/span><\/p>\n","protected":false},"excerpt":{"rendered":"<p>Carlos Pitta, voc\u00ea partiu. Ficaremos sem sua presen\u00e7a f\u00edsica, mas seu legado musical permanecer\u00e1 vivo entre n\u00f3s. Voc\u00ea fez parte da pl\u00eaiade dos grandes nomes da m\u00fasica baiana, um dos artistas que marcaram a hist\u00f3ria cultural do nosso estado com a for\u00e7a do seu talento e a originalidade do seu canto. Ao relembrar o in\u00edcio [&hellip;]<\/p>\n","protected":false},"author":3,"featured_media":49007,"comment_status":"open","ping_status":"open","sticky":false,"template":"","format":"standard","meta":[],"categories":[7,1],"tags":[],"_links":{"self":[{"href":"https:\/\/www.blogdomassinha.com.br\/v1\/wp-json\/wp\/v2\/posts\/49006"}],"collection":[{"href":"https:\/\/www.blogdomassinha.com.br\/v1\/wp-json\/wp\/v2\/posts"}],"about":[{"href":"https:\/\/www.blogdomassinha.com.br\/v1\/wp-json\/wp\/v2\/types\/post"}],"author":[{"embeddable":true,"href":"https:\/\/www.blogdomassinha.com.br\/v1\/wp-json\/wp\/v2\/users\/3"}],"replies":[{"embeddable":true,"href":"https:\/\/www.blogdomassinha.com.br\/v1\/wp-json\/wp\/v2\/comments?post=49006"}],"version-history":[{"count":1,"href":"https:\/\/www.blogdomassinha.com.br\/v1\/wp-json\/wp\/v2\/posts\/49006\/revisions"}],"predecessor-version":[{"id":49008,"href":"https:\/\/www.blogdomassinha.com.br\/v1\/wp-json\/wp\/v2\/posts\/49006\/revisions\/49008"}],"wp:featuredmedia":[{"embeddable":true,"href":"https:\/\/www.blogdomassinha.com.br\/v1\/wp-json\/wp\/v2\/media\/49007"}],"wp:attachment":[{"href":"https:\/\/www.blogdomassinha.com.br\/v1\/wp-json\/wp\/v2\/media?parent=49006"}],"wp:term":[{"taxonomy":"category","embeddable":true,"href":"https:\/\/www.blogdomassinha.com.br\/v1\/wp-json\/wp\/v2\/categories?post=49006"},{"taxonomy":"post_tag","embeddable":true,"href":"https:\/\/www.blogdomassinha.com.br\/v1\/wp-json\/wp\/v2\/tags?post=49006"}],"curies":[{"name":"wp","href":"https:\/\/api.w.org\/{rel}","templated":true}]}}