{"id":4900,"date":"2016-09-20T13:42:41","date_gmt":"2016-09-20T16:42:41","guid":{"rendered":"http:\/\/www.blogdomassinha.com.br\/v1\/?p=4900"},"modified":"2016-09-20T13:43:26","modified_gmt":"2016-09-20T16:43:26","slug":"conquista-bancarios-se-manifestaram-no-centro-da-cidade","status":"publish","type":"post","link":"https:\/\/www.blogdomassinha.com.br\/v1\/2016\/09\/20\/conquista-bancarios-se-manifestaram-no-centro-da-cidade\/","title":{"rendered":"Conquista: Banc\u00e1rios se manifestam no centro da cidade"},"content":{"rendered":"<div id=\"attachment_4903\" style=\"width: 511px\" class=\"wp-caption aligncenter\"><a href=\"http:\/\/www.blogdomassinha.com.br\/v1\/wp-content\/uploads\/2016\/09\/unnamed-1.jpg\" class=\"gallery_colorbox\"><img aria-describedby=\"caption-attachment-4903\" loading=\"lazy\" class=\"wp-image-4903\" src=\"http:\/\/www.blogdomassinha.com.br\/v1\/wp-content\/uploads\/2016\/09\/unnamed-1.jpg\"  alt=\"unnamed-1\" width=\"501\" height=\"332\" srcset=\"https:\/\/www.blogdomassinha.com.br\/v1\/wp-content\/uploads\/2016\/09\/unnamed-1.jpg 889w, https:\/\/www.blogdomassinha.com.br\/v1\/wp-content\/uploads\/2016\/09\/unnamed-1-300x199.jpg 300w\" sizes=\"(max-width: 501px) 100vw, 501px\" \/><\/a><p id=\"caption-attachment-4903\" class=\"wp-caption-text\"><strong>Foto: SEEB \/ VC<\/strong><\/p><\/div>\n<p>Nesta ter\u00e7a-feira (20), os banc\u00e1rios foram \u00e0s em uma passeata organizada pelo Sindicato dos Banc\u00e1rios de Vit\u00f3ria da Conquista e Regi\u00e3o.<\/p>\n<p>Diante da proposta dos bancos, que representa perda salarial para a categoria, os trabalhadores banc\u00e1rios ocuparam as ruas do centro expondo as pautas do movimento e esclarecendo a popula\u00e7\u00e3o sobre a necessidade da luta.<\/p>\n<p>Os usu\u00e1rios do servi\u00e7o banc\u00e1rio tamb\u00e9m s\u00e3o explorados diariamente com as altas taxas de juros e a falta de estrutura para que o servi\u00e7o seja prestado com qualidade, contudo os representantes dos bancos n\u00e3o aceitam negociar sobre pontos importantes para toda a sociedade, como a contrata\u00e7\u00e3o de mais funcion\u00e1rios, fim da terceiriza\u00e7\u00e3o, investimento em seguran\u00e7a.<!--more--><\/p>\n<p>A Greve Nacional deste ano j\u00e1 \u00e9 a maior da hist\u00f3ria, ontem foram 13.071 ag\u00eancias tiveram as atividades paralisadas, um recorde para a categoria. Na base territorial de Conquista e regi\u00e3o 80% das unidades est\u00e3o sem funcionamento.<\/p>\n<p>\u201cNeste momento \u00e9 importante que todos compreendam que a culpa da greve \u00e9 exclusivamente do descaso dos bancos. Eles se recusam apresentar uma proposta descente e insistem em rebaixar os sal\u00e1rios para seus funcion\u00e1rios. Com essa postura os bancos est\u00e3o prolongando cada vez mais a greve\u201d, aponta Paulo Barrocas, Presidente do SEEB\/VCR. <strong>(Fonte: Ascom SEEB \/ VC)<\/strong><\/p>\n\n\t\t<style type=\"text\/css\">\n\t\t\t#gallery-1 {\n\t\t\t\tmargin: auto;\n\t\t\t}\n\t\t\t#gallery-1 .gallery-item {\n\t\t\t\tfloat: left;\n\t\t\t\tmargin-top: 10px;\n\t\t\t\ttext-align: center;\n\t\t\t\twidth: 33%;\n\t\t\t}\n\t\t\t#gallery-1 img {\n\t\t\t\tborder: 2px solid #cfcfcf;\n\t\t\t}\n\t\t\t#gallery-1 .gallery-caption {\n\t\t\t\tmargin-left: 0;\n\t\t\t}\n\t\t\t\/* see gallery_shortcode() in wp-includes\/media.php *\/\n\t\t<\/style>\n\t\t<div id='gallery-1' class='gallery galleryid-4900 gallery-columns-3 gallery-size-thumbnail'><dl class='gallery-item'>\n\t\t\t<dt class='gallery-icon landscape'>\n\t\t\t\t<a href=\"https:\/\/www.blogdomassinha.com.br\/v1\/wp-content\/uploads\/2016\/09\/DSC_0040.jpg\" class=\"gallery_colorbox\"><img width=\"150\" height=\"150\" src=\"https:\/\/www.blogdomassinha.com.br\/v1\/wp-content\/uploads\/2016\/09\/DSC_0040-150x150.jpg\"  class=\"attachment-thumbnail size-thumbnail\" alt=\"\" loading=\"lazy\" aria-describedby=\"gallery-1-4902\" \/><\/a>\n\t\t\t<\/dt>\n\t\t\t\t<dd class='wp-caption-text gallery-caption' id='gallery-1-4902'>\n\t\t\t\tFoto: Ascom SEEB \/ VC\n\t\t\t\t<\/dd><\/dl><dl class='gallery-item'>\n\t\t\t<dt class='gallery-icon landscape'>\n\t\t\t\t<a href=\"https:\/\/www.blogdomassinha.com.br\/v1\/wp-content\/uploads\/2016\/09\/DSC_0010.jpg\" class=\"gallery_colorbox\"><img width=\"150\" height=\"150\" src=\"https:\/\/www.blogdomassinha.com.br\/v1\/wp-content\/uploads\/2016\/09\/DSC_0010-150x150.jpg\"  class=\"attachment-thumbnail size-thumbnail\" alt=\"\" loading=\"lazy\" aria-describedby=\"gallery-1-4901\" \/><\/a>\n\t\t\t<\/dt>\n\t\t\t\t<dd class='wp-caption-text gallery-caption' id='gallery-1-4901'>\n\t\t\t\tFoto: Ascom SEEB \/ VC\n\t\t\t\t<\/dd><\/dl>\n\t\t\t<br style='clear: both' \/>\n\t\t<\/div>\n\n","protected":false},"excerpt":{"rendered":"<p>Nesta ter\u00e7a-feira (20), os banc\u00e1rios foram \u00e0s em uma passeata organizada pelo Sindicato dos Banc\u00e1rios de Vit\u00f3ria da Conquista e Regi\u00e3o. Diante da proposta dos bancos, que representa perda salarial para a categoria, os trabalhadores banc\u00e1rios ocuparam as ruas do centro expondo as pautas do movimento e esclarecendo a popula\u00e7\u00e3o sobre a necessidade da luta. [&hellip;]<\/p>\n","protected":false},"author":3,"featured_media":4904,"comment_status":"open","ping_status":"open","sticky":false,"template":"","format":"standard","meta":[],"categories":[7],"tags":[],"_links":{"self":[{"href":"https:\/\/www.blogdomassinha.com.br\/v1\/wp-json\/wp\/v2\/posts\/4900"}],"collection":[{"href":"https:\/\/www.blogdomassinha.com.br\/v1\/wp-json\/wp\/v2\/posts"}],"about":[{"href":"https:\/\/www.blogdomassinha.com.br\/v1\/wp-json\/wp\/v2\/types\/post"}],"author":[{"embeddable":true,"href":"https:\/\/www.blogdomassinha.com.br\/v1\/wp-json\/wp\/v2\/users\/3"}],"replies":[{"embeddable":true,"href":"https:\/\/www.blogdomassinha.com.br\/v1\/wp-json\/wp\/v2\/comments?post=4900"}],"version-history":[{"count":2,"href":"https:\/\/www.blogdomassinha.com.br\/v1\/wp-json\/wp\/v2\/posts\/4900\/revisions"}],"predecessor-version":[{"id":4906,"href":"https:\/\/www.blogdomassinha.com.br\/v1\/wp-json\/wp\/v2\/posts\/4900\/revisions\/4906"}],"wp:featuredmedia":[{"embeddable":true,"href":"https:\/\/www.blogdomassinha.com.br\/v1\/wp-json\/wp\/v2\/media\/4904"}],"wp:attachment":[{"href":"https:\/\/www.blogdomassinha.com.br\/v1\/wp-json\/wp\/v2\/media?parent=4900"}],"wp:term":[{"taxonomy":"category","embeddable":true,"href":"https:\/\/www.blogdomassinha.com.br\/v1\/wp-json\/wp\/v2\/categories?post=4900"},{"taxonomy":"post_tag","embeddable":true,"href":"https:\/\/www.blogdomassinha.com.br\/v1\/wp-json\/wp\/v2\/tags?post=4900"}],"curies":[{"name":"wp","href":"https:\/\/api.w.org\/{rel}","templated":true}]}}