{"id":48996,"date":"2025-01-07T16:14:52","date_gmt":"2025-01-07T19:14:52","guid":{"rendered":"https:\/\/www.blogdomassinha.com.br\/v1\/?p=48996"},"modified":"2025-01-07T16:14:52","modified_gmt":"2025-01-07T19:14:52","slug":"governador-jeronimo-rodrigues-determina-acao-rigorosa-para-restabelecer-a-paz-em-jequie","status":"publish","type":"post","link":"https:\/\/www.blogdomassinha.com.br\/v1\/2025\/01\/07\/governador-jeronimo-rodrigues-determina-acao-rigorosa-para-restabelecer-a-paz-em-jequie\/","title":{"rendered":"Governador Jer\u00f4nimo Rodrigues determina a\u00e7\u00e3o rigorosa para restabelecer a paz em Jequi\u00e9"},"content":{"rendered":"<p class=\"p1\"><span class=\"s1\"><img loading=\"lazy\" class=\"alignright size-medium wp-image-48999\" src=\"https:\/\/www.blogdomassinha.com.br\/v1\/wp-content\/uploads\/2025\/01\/1d282312-700c-4a97-89df-593016f45711-300x225.jpeg\" alt=\"\" width=\"300\" height=\"225\" srcset=\"https:\/\/www.blogdomassinha.com.br\/v1\/wp-content\/uploads\/2025\/01\/1d282312-700c-4a97-89df-593016f45711-300x225.jpeg 300w, https:\/\/www.blogdomassinha.com.br\/v1\/wp-content\/uploads\/2025\/01\/1d282312-700c-4a97-89df-593016f45711.jpeg 600w\" sizes=\"(max-width: 300px) 100vw, 300px\" \/><br \/>\nConforme noticiado anteriormente sobre o grave cen\u00e1rio de viol\u00eancia que assolou a cidade de Jequi\u00e9 no \u00faltimo final de semana, uma nova mobiliza\u00e7\u00e3o de seguran\u00e7a foi determinada pelo governador <\/span><span class=\"s2\">Jer\u00f4nimo Rodrigues<\/span><span class=\"s1\">. Ele acionou o comando da Pol\u00edcia Militar e determinou medidas firmes para restabelecer a ordem e a seguran\u00e7a na <\/span><span class=\"s2\">Cidade Sol<\/span><span class=\"s1\">.<\/span><\/p>\n<p class=\"p1\"><span class=\"s1\">Atendendo \u00e0 determina\u00e7\u00e3o, as for\u00e7as de seguran\u00e7a do sudoeste baiano, incluindo a Pol\u00edcia Militar e a Pol\u00edcia Civil, j\u00e1 est\u00e3o atuando no munic\u00edpio. Sob a lideran\u00e7a do comandante-geral da PM, <\/span><span class=\"s2\">Coronel Coutinho<\/span><span class=\"s1\">, as opera\u00e7\u00f5es t\u00eam sido intensificadas com o compromisso de devolver a tranquilidade \u00e0 popula\u00e7\u00e3o.<\/span><\/p>\n<p><img loading=\"lazy\" class=\"size-medium wp-image-49002 alignleft\" src=\"https:\/\/www.blogdomassinha.com.br\/v1\/wp-content\/uploads\/2025\/01\/da3b312d-8478-4148-b3aa-8d5aee19884b-225x300.jpeg\" alt=\"\" width=\"225\" height=\"300\" srcset=\"https:\/\/www.blogdomassinha.com.br\/v1\/wp-content\/uploads\/2025\/01\/da3b312d-8478-4148-b3aa-8d5aee19884b-225x300.jpeg 225w, https:\/\/www.blogdomassinha.com.br\/v1\/wp-content\/uploads\/2025\/01\/da3b312d-8478-4148-b3aa-8d5aee19884b.jpeg 375w\" sizes=\"(max-width: 225px) 100vw, 225px\" \/><\/p>\n<p class=\"p1\"><span class=\"s1\">O Coronel Coutinho destacou a import\u00e2ncia de um esfor\u00e7o conjunto entre autoridades e a comunidade local, afirmando: <\/span><span class=\"s3\">\u201cPrefeito, preciso da parceria das autoridades e de toda a sociedade local.\u201d<\/span><\/p>\n<p class=\"p1\"><span class=\"s1\">A presen\u00e7a policial refor\u00e7ada busca conter a escalada de viol\u00eancia e devolver aos moradores a seguran\u00e7a necess\u00e1ria para o conv\u00edvio social.<\/span><\/p>\n<p class=\"p1\"><strong><span class=\"s2\">Busca pela Normalidade e Paz<\/span><\/strong><\/p>\n<p class=\"p1\"><span class=\"s1\">A situa\u00e7\u00e3o em Jequi\u00e9 reflete uma preocupa\u00e7\u00e3o generalizada com a viol\u00eancia em diversas partes do pa\u00eds. No entanto, o objetivo das for\u00e7as de seguran\u00e7a \u00e9 garantir que os cidad\u00e3os voltem \u00e0 sua rotina com maior tranquilidade. Embora a erradica\u00e7\u00e3o completa da viol\u00eancia seja um desafio complexo, a expectativa \u00e9 de que as medidas adotadas resultem em avan\u00e7os significativos para a seguran\u00e7a p\u00fablica.<\/span><\/p>\n<p class=\"p1\"><span class=\"s1\">O desejo da popula\u00e7\u00e3o, tanto em Jequi\u00e9 quanto em todo o estado, \u00e9 claro: poder trabalhar, estudar, criar seus filhos, os professores ministrarem suas aulas e os jovens usufru\u00edrem de momentos de lazer com seguran\u00e7a e dignidade.<\/span><\/p>\n<p><img loading=\"lazy\" class=\"alignright size-medium wp-image-49004\" src=\"https:\/\/www.blogdomassinha.com.br\/v1\/wp-content\/uploads\/2025\/01\/443cb4c6-3ff0-4a4e-95e1-050bf0297330-225x300.jpeg\" alt=\"\" width=\"225\" height=\"300\" srcset=\"https:\/\/www.blogdomassinha.com.br\/v1\/wp-content\/uploads\/2025\/01\/443cb4c6-3ff0-4a4e-95e1-050bf0297330-225x300.jpeg 225w, https:\/\/www.blogdomassinha.com.br\/v1\/wp-content\/uploads\/2025\/01\/443cb4c6-3ff0-4a4e-95e1-050bf0297330.jpeg 375w\" sizes=\"(max-width: 225px) 100vw, 225px\" \/><\/p>\n<p class=\"p1\"><span class=\"s1\">A a\u00e7\u00e3o coordenada do governo estadual, aliada ao refor\u00e7o das opera\u00e7\u00f5es policiais e \u00e0 colabora\u00e7\u00e3o da sociedade civil, representa um passo essencial para devolver a paz e a ordem \u00e0 <\/span><span class=\"s2\">Cidade Sol<\/span><span class=\"s1\">.<\/span><\/p>\n<p class=\"p1\"><span class=\"s1\">Segue nota oficial da Pol\u00edcia Militar da Bahia:<\/span><!--more--><\/p>\n<p class=\"p1\"><span class=\"s1\">\u201c<strong>Opera\u00e7\u00e3o H\u00f3rus refor\u00e7a combate \u00e0 viol\u00eancia em Jequi\u00e9<\/strong><\/span><\/p>\n<p class=\"p1\"><span class=\"s1\">Atendendo \u00e0 determina\u00e7\u00e3o do Governador do Estado, Jer\u00f4nimo Rodrigues, o Comando Geral da Pol\u00edcia Militar da Bahia, por meio excelent\u00edssimo Senhor Coronel PM Paulo Jos\u00e9 Reis de Azevedo Coutinho, lan\u00e7ou na \u00faltima segunda-feira (6), na Pra\u00e7a da Igreja da Matriz, a Opera\u00e7\u00e3o H\u00f3rus em Jequi\u00e9. A opera\u00e7\u00e3o tem como objetivo intensificar o combate aos Crimes Violentos Letais Intencionais (CVLI), tr\u00e1fico de drogas, armas de fogo e outras pr\u00e1ticas criminosas.<\/span><\/p>\n<p class=\"p1\"><span class=\"s1\">O evento contou com a presen\u00e7a do Comandante Geral da Policia Militar Coronel PM Paulo Coutinho, do Subsecret\u00e1rio de Seguran\u00e7a P\u00fablica, Marcel Oliveira, do Comandante do CPR-SO, Coronel PM Paulo Guimar\u00e3es, e da Delegada Rog\u00e9ria Ara\u00fajo, Diretora do Departamento de Pol\u00edcia do Interior (Depin), al\u00e9m de representantes da Pol\u00edcia Civil, da Seap e do Prefeito Zenildo Brand\u00e3o.<\/span><\/p>\n<p class=\"p1\"><span class=\"s1\">A opera\u00e7\u00e3o, que segue por tempo indeterminado, partiu da SSP e est\u00e1 mobilizando tropas do Batalh\u00e3o de Pol\u00edcia de Choque, BPatamo, Cipes Central, Cacaueira e Sudoeste, CIPT Sudoeste, Esquadr\u00e3o Falc\u00e3o, 19\u00ba Batalh\u00e3o e Grupamento A\u00e9reo (Graer). Com a\u00e7\u00f5es estrat\u00e9gicas e integradas, a PMBA reafirma seu compromisso em seguir firme na miss\u00e3o de proteger a popula\u00e7\u00e3o e reduzir a criminalidade.<\/span><\/p>\n<p class=\"p1\"><span class=\"s1\">PMBA, uma For\u00e7a a servi\u00e7o do cidad\u00e3o!\u201d<\/span><\/p>\n\n\t\t<style type=\"text\/css\">\n\t\t\t#gallery-1 {\n\t\t\t\tmargin: auto;\n\t\t\t}\n\t\t\t#gallery-1 .gallery-item {\n\t\t\t\tfloat: left;\n\t\t\t\tmargin-top: 10px;\n\t\t\t\ttext-align: center;\n\t\t\t\twidth: 33%;\n\t\t\t}\n\t\t\t#gallery-1 img {\n\t\t\t\tborder: 2px solid #cfcfcf;\n\t\t\t}\n\t\t\t#gallery-1 .gallery-caption {\n\t\t\t\tmargin-left: 0;\n\t\t\t}\n\t\t\t\/* see gallery_shortcode() in wp-includes\/media.php *\/\n\t\t<\/style>\n\t\t<div id='gallery-1' class='gallery galleryid-48996 gallery-columns-3 gallery-size-thumbnail'><dl class='gallery-item'>\n\t\t\t<dt class='gallery-icon portrait'>\n\t\t\t\t<a href=\"https:\/\/www.blogdomassinha.com.br\/v1\/wp-content\/uploads\/2025\/01\/8aa2ae12-cc47-4358-9220-18005e034ea3.jpeg\" class=\"gallery_colorbox\"><img width=\"150\" height=\"150\" src=\"https:\/\/www.blogdomassinha.com.br\/v1\/wp-content\/uploads\/2025\/01\/8aa2ae12-cc47-4358-9220-18005e034ea3-150x150.jpeg\"  class=\"attachment-thumbnail size-thumbnail\" alt=\"\" loading=\"lazy\" \/><\/a>\n\t\t\t<\/dt><\/dl><dl class='gallery-item'>\n\t\t\t<dt class='gallery-icon portrait'>\n\t\t\t\t<a href=\"https:\/\/www.blogdomassinha.com.br\/v1\/wp-content\/uploads\/2025\/01\/33dd5efa-f754-45c4-8802-f3abe9c723d0.jpeg\" class=\"gallery_colorbox\"><img width=\"150\" height=\"150\" src=\"https:\/\/www.blogdomassinha.com.br\/v1\/wp-content\/uploads\/2025\/01\/33dd5efa-f754-45c4-8802-f3abe9c723d0-150x150.jpeg\"  class=\"attachment-thumbnail size-thumbnail\" alt=\"\" loading=\"lazy\" \/><\/a>\n\t\t\t<\/dt><\/dl><dl class='gallery-item'>\n\t\t\t<dt class='gallery-icon landscape'>\n\t\t\t\t<a href=\"https:\/\/www.blogdomassinha.com.br\/v1\/wp-content\/uploads\/2025\/01\/1d282312-700c-4a97-89df-593016f45711.jpeg\" class=\"gallery_colorbox\"><img width=\"150\" height=\"150\" src=\"https:\/\/www.blogdomassinha.com.br\/v1\/wp-content\/uploads\/2025\/01\/1d282312-700c-4a97-89df-593016f45711-150x150.jpeg\"  class=\"attachment-thumbnail size-thumbnail\" alt=\"\" loading=\"lazy\" \/><\/a>\n\t\t\t<\/dt><\/dl><br style=\"clear: both\" \/><dl class='gallery-item'>\n\t\t\t<dt class='gallery-icon portrait'>\n\t\t\t\t<a href=\"https:\/\/www.blogdomassinha.com.br\/v1\/wp-content\/uploads\/2025\/01\/498042c3-1843-42dd-b4c9-f2776333522c.jpeg\" class=\"gallery_colorbox\"><img width=\"150\" height=\"150\" src=\"https:\/\/www.blogdomassinha.com.br\/v1\/wp-content\/uploads\/2025\/01\/498042c3-1843-42dd-b4c9-f2776333522c-150x150.jpeg\"  class=\"attachment-thumbnail size-thumbnail\" alt=\"\" loading=\"lazy\" \/><\/a>\n\t\t\t<\/dt><\/dl><dl class='gallery-item'>\n\t\t\t<dt class='gallery-icon portrait'>\n\t\t\t\t<a href=\"https:\/\/www.blogdomassinha.com.br\/v1\/wp-content\/uploads\/2025\/01\/330ae739-40df-46f8-b0fd-5e87cf0f5094.jpeg\" class=\"gallery_colorbox\"><img width=\"150\" height=\"150\" src=\"https:\/\/www.blogdomassinha.com.br\/v1\/wp-content\/uploads\/2025\/01\/330ae739-40df-46f8-b0fd-5e87cf0f5094-150x150.jpeg\"  class=\"attachment-thumbnail size-thumbnail\" alt=\"\" loading=\"lazy\" \/><\/a>\n\t\t\t<\/dt><\/dl><dl class='gallery-item'>\n\t\t\t<dt class='gallery-icon portrait'>\n\t\t\t\t<a href=\"https:\/\/www.blogdomassinha.com.br\/v1\/wp-content\/uploads\/2025\/01\/da3b312d-8478-4148-b3aa-8d5aee19884b.jpeg\" class=\"gallery_colorbox\"><img width=\"150\" height=\"150\" src=\"https:\/\/www.blogdomassinha.com.br\/v1\/wp-content\/uploads\/2025\/01\/da3b312d-8478-4148-b3aa-8d5aee19884b-150x150.jpeg\"  class=\"attachment-thumbnail size-thumbnail\" alt=\"\" loading=\"lazy\" \/><\/a>\n\t\t\t<\/dt><\/dl><br style=\"clear: both\" \/><dl class='gallery-item'>\n\t\t\t<dt class='gallery-icon landscape'>\n\t\t\t\t<a href=\"https:\/\/www.blogdomassinha.com.br\/v1\/wp-content\/uploads\/2025\/01\/f72fe323-45df-48c2-8653-6a510040198b.jpeg\" class=\"gallery_colorbox\"><img width=\"150\" height=\"150\" src=\"https:\/\/www.blogdomassinha.com.br\/v1\/wp-content\/uploads\/2025\/01\/f72fe323-45df-48c2-8653-6a510040198b-150x150.jpeg\"  class=\"attachment-thumbnail size-thumbnail\" alt=\"\" loading=\"lazy\" \/><\/a>\n\t\t\t<\/dt><\/dl><dl class='gallery-item'>\n\t\t\t<dt class='gallery-icon portrait'>\n\t\t\t\t<a href=\"https:\/\/www.blogdomassinha.com.br\/v1\/wp-content\/uploads\/2025\/01\/443cb4c6-3ff0-4a4e-95e1-050bf0297330.jpeg\" class=\"gallery_colorbox\"><img width=\"150\" height=\"150\" src=\"https:\/\/www.blogdomassinha.com.br\/v1\/wp-content\/uploads\/2025\/01\/443cb4c6-3ff0-4a4e-95e1-050bf0297330-150x150.jpeg\"  class=\"attachment-thumbnail size-thumbnail\" alt=\"\" loading=\"lazy\" \/><\/a>\n\t\t\t<\/dt><\/dl>\n\t\t\t<br style='clear: both' \/>\n\t\t<\/div>\n\n","protected":false},"excerpt":{"rendered":"<p>Conforme noticiado anteriormente sobre o grave cen\u00e1rio de viol\u00eancia que assolou a cidade de Jequi\u00e9 no \u00faltimo final de semana, uma nova mobiliza\u00e7\u00e3o de seguran\u00e7a foi determinada pelo governador Jer\u00f4nimo Rodrigues. Ele acionou o comando da Pol\u00edcia Militar e determinou medidas firmes para restabelecer a ordem e a seguran\u00e7a na Cidade Sol. Atendendo \u00e0 determina\u00e7\u00e3o, [&hellip;]<\/p>\n","protected":false},"author":3,"featured_media":48999,"comment_status":"open","ping_status":"open","sticky":false,"template":"","format":"standard","meta":[],"categories":[7,1],"tags":[],"_links":{"self":[{"href":"https:\/\/www.blogdomassinha.com.br\/v1\/wp-json\/wp\/v2\/posts\/48996"}],"collection":[{"href":"https:\/\/www.blogdomassinha.com.br\/v1\/wp-json\/wp\/v2\/posts"}],"about":[{"href":"https:\/\/www.blogdomassinha.com.br\/v1\/wp-json\/wp\/v2\/types\/post"}],"author":[{"embeddable":true,"href":"https:\/\/www.blogdomassinha.com.br\/v1\/wp-json\/wp\/v2\/users\/3"}],"replies":[{"embeddable":true,"href":"https:\/\/www.blogdomassinha.com.br\/v1\/wp-json\/wp\/v2\/comments?post=48996"}],"version-history":[{"count":1,"href":"https:\/\/www.blogdomassinha.com.br\/v1\/wp-json\/wp\/v2\/posts\/48996\/revisions"}],"predecessor-version":[{"id":49005,"href":"https:\/\/www.blogdomassinha.com.br\/v1\/wp-json\/wp\/v2\/posts\/48996\/revisions\/49005"}],"wp:featuredmedia":[{"embeddable":true,"href":"https:\/\/www.blogdomassinha.com.br\/v1\/wp-json\/wp\/v2\/media\/48999"}],"wp:attachment":[{"href":"https:\/\/www.blogdomassinha.com.br\/v1\/wp-json\/wp\/v2\/media?parent=48996"}],"wp:term":[{"taxonomy":"category","embeddable":true,"href":"https:\/\/www.blogdomassinha.com.br\/v1\/wp-json\/wp\/v2\/categories?post=48996"},{"taxonomy":"post_tag","embeddable":true,"href":"https:\/\/www.blogdomassinha.com.br\/v1\/wp-json\/wp\/v2\/tags?post=48996"}],"curies":[{"name":"wp","href":"https:\/\/api.w.org\/{rel}","templated":true}]}}