{"id":48990,"date":"2025-01-07T12:07:14","date_gmt":"2025-01-07T15:07:14","guid":{"rendered":"https:\/\/www.blogdomassinha.com.br\/v1\/?p=48990"},"modified":"2025-01-07T12:07:14","modified_gmt":"2025-01-07T15:07:14","slug":"janeiro-verde-prefeitura-inicia-amanha-campanha-de-prevencao-ao-cancer-de-colo-do-utero-a-secretaria-de-saude-fernanda-maron-sera-nossa-entrevistada-hoje","status":"publish","type":"post","link":"https:\/\/www.blogdomassinha.com.br\/v1\/2025\/01\/07\/janeiro-verde-prefeitura-inicia-amanha-campanha-de-prevencao-ao-cancer-de-colo-do-utero-a-secretaria-de-saude-fernanda-maron-sera-nossa-entrevistada-hoje\/","title":{"rendered":"Janeiro Verde: Prefeitura Inicia Amanh\u00e3 Campanha de Preven\u00e7\u00e3o ao C\u00e2ncer de Colo do \u00datero. A secretaria de Sa\u00fade, Fernanda Maron, ser\u00e1 nossa entrevistada hoje."},"content":{"rendered":"<p class=\"p1\"><span class=\"s1\"><img loading=\"lazy\" class=\"alignright size-medium wp-image-48991\" src=\"https:\/\/www.blogdomassinha.com.br\/v1\/wp-content\/uploads\/2025\/01\/93546e87-13e2-4eec-979c-de6a4b3428a3-300x225.jpeg\" alt=\"\" width=\"300\" height=\"225\" srcset=\"https:\/\/www.blogdomassinha.com.br\/v1\/wp-content\/uploads\/2025\/01\/93546e87-13e2-4eec-979c-de6a4b3428a3-300x225.jpeg 300w, https:\/\/www.blogdomassinha.com.br\/v1\/wp-content\/uploads\/2025\/01\/93546e87-13e2-4eec-979c-de6a4b3428a3.jpeg 600w\" sizes=\"(max-width: 300px) 100vw, 300px\" \/><br \/>\nA partir de amanh\u00e3, dia 8, a Prefeitura de Vit\u00f3ria da Conquista dar\u00e1 in\u00edcio \u00e0 campanha <\/span><span class=\"s2\">Janeiro Verde<\/span><span class=\"s1\">, uma a\u00e7\u00e3o essencial para a preven\u00e7\u00e3o do c\u00e2ncer de colo do \u00fatero. Todas as unidades de sa\u00fade do munic\u00edpio estar\u00e3o envolvidas nesta importante iniciativa, que visa conscientizar e orientar as mulheres sobre a realiza\u00e7\u00e3o de exames preventivos.<\/span><\/p>\n<p class=\"p1\"><span class=\"s1\">Para trazer mais detalhes sobre o programa, teremos hoje, \u00e0s 19h, uma entrevista com a secret\u00e1ria de Sa\u00fade do munic\u00edpio, <\/span><span class=\"s2\">Fernanda Maron<\/span><span class=\"s1\">, no programa <\/span><span class=\"s3\">Agito Geral<\/span><span class=\"s1\">, na <\/span><span class=\"s2\">R\u00e1dio Up<\/span><span class=\"s1\">. A entrevista tamb\u00e9m ser\u00e1 transmitida ao vivo pelo Instagram do <\/span><span class=\"s3\">Blog do Massinha<\/span><span class=\"s1\">.<\/span><\/p>\n<p class=\"p1\"><span class=\"s1\">O <\/span><span class=\"s2\">Janeiro Verde<\/span><span class=\"s1\"> \u00e9 uma campanha de extrema relev\u00e2ncia, uma vez que o c\u00e2ncer de colo do \u00fatero \u00e9 uma doen\u00e7a que afeta um n\u00famero significativo de mulheres em todo o Brasil. Vit\u00f3ria da Conquista n\u00e3o est\u00e1 fora desse contexto e, por isso, a\u00e7\u00f5es preventivas s\u00e3o fundamentais.<\/span><!--more--><\/p>\n<p class=\"p1\"><span class=\"s1\">Durante a entrevista, Fernanda Maron refor\u00e7ar\u00e1 a import\u00e2ncia dos exames preventivos, destacando que o c\u00e2ncer de colo do \u00fatero pode se desenvolver silenciosamente por at\u00e9 10 anos, sem apresentar sintomas. Essa caracter\u00edstica torna o diagn\u00f3stico precoce vital para o tratamento eficaz e a preserva\u00e7\u00e3o da vida.<\/span><\/p>\n<p class=\"p1\"><span class=\"s1\">Fazemos um convite especial \u00e0s mulheres de Vit\u00f3ria da Conquista para que procurem as unidades de sa\u00fade, se informem e participem ativamente desta campanha. A conscientiza\u00e7\u00e3o e a preven\u00e7\u00e3o s\u00e3o ferramentas poderosas na luta contra o c\u00e2ncer, e a a\u00e7\u00e3o da Secretaria de Sa\u00fade pode salvar muitas vidas.<\/span><\/p>\n<p class=\"p1\"><span class=\"s1\">N\u00e3o perca a entrevista ao vivo hoje, \u00e0s 19h, pela R\u00e1dio Up e pelo Instagram do <\/span><span class=\"s3\">Blog do Massinha<\/span><span class=\"s1\">. Participe, informe-se e fa\u00e7a parte desta iniciativa t\u00e3o importante para a sa\u00fade das mulheres da nossa cidade!<\/span><\/p>\n","protected":false},"excerpt":{"rendered":"<p>A partir de amanh\u00e3, dia 8, a Prefeitura de Vit\u00f3ria da Conquista dar\u00e1 in\u00edcio \u00e0 campanha Janeiro Verde, uma a\u00e7\u00e3o essencial para a preven\u00e7\u00e3o do c\u00e2ncer de colo do \u00fatero. Todas as unidades de sa\u00fade do munic\u00edpio estar\u00e3o envolvidas nesta importante iniciativa, que visa conscientizar e orientar as mulheres sobre a realiza\u00e7\u00e3o de exames preventivos. [&hellip;]<\/p>\n","protected":false},"author":3,"featured_media":48991,"comment_status":"open","ping_status":"open","sticky":false,"template":"","format":"standard","meta":[],"categories":[7,1],"tags":[],"_links":{"self":[{"href":"https:\/\/www.blogdomassinha.com.br\/v1\/wp-json\/wp\/v2\/posts\/48990"}],"collection":[{"href":"https:\/\/www.blogdomassinha.com.br\/v1\/wp-json\/wp\/v2\/posts"}],"about":[{"href":"https:\/\/www.blogdomassinha.com.br\/v1\/wp-json\/wp\/v2\/types\/post"}],"author":[{"embeddable":true,"href":"https:\/\/www.blogdomassinha.com.br\/v1\/wp-json\/wp\/v2\/users\/3"}],"replies":[{"embeddable":true,"href":"https:\/\/www.blogdomassinha.com.br\/v1\/wp-json\/wp\/v2\/comments?post=48990"}],"version-history":[{"count":1,"href":"https:\/\/www.blogdomassinha.com.br\/v1\/wp-json\/wp\/v2\/posts\/48990\/revisions"}],"predecessor-version":[{"id":48992,"href":"https:\/\/www.blogdomassinha.com.br\/v1\/wp-json\/wp\/v2\/posts\/48990\/revisions\/48992"}],"wp:featuredmedia":[{"embeddable":true,"href":"https:\/\/www.blogdomassinha.com.br\/v1\/wp-json\/wp\/v2\/media\/48991"}],"wp:attachment":[{"href":"https:\/\/www.blogdomassinha.com.br\/v1\/wp-json\/wp\/v2\/media?parent=48990"}],"wp:term":[{"taxonomy":"category","embeddable":true,"href":"https:\/\/www.blogdomassinha.com.br\/v1\/wp-json\/wp\/v2\/categories?post=48990"},{"taxonomy":"post_tag","embeddable":true,"href":"https:\/\/www.blogdomassinha.com.br\/v1\/wp-json\/wp\/v2\/tags?post=48990"}],"curies":[{"name":"wp","href":"https:\/\/api.w.org\/{rel}","templated":true}]}}