{"id":48987,"date":"2025-01-07T10:29:46","date_gmt":"2025-01-07T13:29:46","guid":{"rendered":"https:\/\/www.blogdomassinha.com.br\/v1\/?p=48987"},"modified":"2025-01-07T10:29:46","modified_gmt":"2025-01-07T13:29:46","slug":"jose-zamilute-do-amorim-partiu","status":"publish","type":"post","link":"https:\/\/www.blogdomassinha.com.br\/v1\/2025\/01\/07\/jose-zamilute-do-amorim-partiu\/","title":{"rendered":"Jos\u00e9 Zamilute do Amorim partiu"},"content":{"rendered":"<p class=\"p1\"><span class=\"s1\"><img loading=\"lazy\" class=\"size-medium wp-image-48988 alignleft\" src=\"https:\/\/www.blogdomassinha.com.br\/v1\/wp-content\/uploads\/2025\/01\/cbb426f1-a2bd-4a3f-baf9-1d6dc2031e10-300x300.jpeg\" alt=\"\" width=\"300\" height=\"300\" srcset=\"https:\/\/www.blogdomassinha.com.br\/v1\/wp-content\/uploads\/2025\/01\/cbb426f1-a2bd-4a3f-baf9-1d6dc2031e10-300x300.jpeg 300w, https:\/\/www.blogdomassinha.com.br\/v1\/wp-content\/uploads\/2025\/01\/cbb426f1-a2bd-4a3f-baf9-1d6dc2031e10-150x150.jpeg 150w, https:\/\/www.blogdomassinha.com.br\/v1\/wp-content\/uploads\/2025\/01\/cbb426f1-a2bd-4a3f-baf9-1d6dc2031e10.jpeg 500w\" sizes=\"(max-width: 300px) 100vw, 300px\" \/><br \/>\nLamentamos profundamente informar o falecimento do empres\u00e1rio <\/span><span class=\"s2\">Jos\u00e9 Zamilute do Amorim<\/span><span class=\"s1\">, ocorrido ontem, 6 de janeiro, aos 73 anos.<\/span><\/p>\n<p class=\"p1\"><span class=\"s1\">Sobrinho do saudoso C\u00edcero Amorim, Jos\u00e9 Zamilute era amplamente conhecido e respeitado no setor comercial de Vit\u00f3ria da Conquista, onde construiu uma trajet\u00f3ria marcada por boas rela\u00e7\u00f5es e admira\u00e7\u00e3o.<\/span><\/p>\n<p class=\"p1\"><span class=\"s1\">Ap\u00f3s uma corajosa batalha contra o c\u00e2ncer, Jos\u00e9 Zamilute n\u00e3o resistiu, deixando familiares e amigos enlutados.<\/span><!--more--><\/p>\n<p class=\"p1\"><span class=\"s1\">O vel\u00f3rio est\u00e1 sendo realizado no <\/span><span class=\"s2\">Sal\u00e3o Premium da Pax<\/span><span class=\"s1\">, localizado na Rua Olavo Bilac, n\u00ba 4.<\/span><\/p>\n<p class=\"p1\"><span class=\"s1\">Nossas condol\u00eancias \u00e0 fam\u00edlia e amigos neste momento de dor.<\/span><\/p>\n","protected":false},"excerpt":{"rendered":"<p>Lamentamos profundamente informar o falecimento do empres\u00e1rio Jos\u00e9 Zamilute do Amorim, ocorrido ontem, 6 de janeiro, aos 73 anos. Sobrinho do saudoso C\u00edcero Amorim, Jos\u00e9 Zamilute era amplamente conhecido e respeitado no setor comercial de Vit\u00f3ria da Conquista, onde construiu uma trajet\u00f3ria marcada por boas rela\u00e7\u00f5es e admira\u00e7\u00e3o. Ap\u00f3s uma corajosa batalha contra o c\u00e2ncer, [&hellip;]<\/p>\n","protected":false},"author":3,"featured_media":48988,"comment_status":"open","ping_status":"open","sticky":false,"template":"","format":"standard","meta":[],"categories":[7,1],"tags":[],"_links":{"self":[{"href":"https:\/\/www.blogdomassinha.com.br\/v1\/wp-json\/wp\/v2\/posts\/48987"}],"collection":[{"href":"https:\/\/www.blogdomassinha.com.br\/v1\/wp-json\/wp\/v2\/posts"}],"about":[{"href":"https:\/\/www.blogdomassinha.com.br\/v1\/wp-json\/wp\/v2\/types\/post"}],"author":[{"embeddable":true,"href":"https:\/\/www.blogdomassinha.com.br\/v1\/wp-json\/wp\/v2\/users\/3"}],"replies":[{"embeddable":true,"href":"https:\/\/www.blogdomassinha.com.br\/v1\/wp-json\/wp\/v2\/comments?post=48987"}],"version-history":[{"count":1,"href":"https:\/\/www.blogdomassinha.com.br\/v1\/wp-json\/wp\/v2\/posts\/48987\/revisions"}],"predecessor-version":[{"id":48989,"href":"https:\/\/www.blogdomassinha.com.br\/v1\/wp-json\/wp\/v2\/posts\/48987\/revisions\/48989"}],"wp:featuredmedia":[{"embeddable":true,"href":"https:\/\/www.blogdomassinha.com.br\/v1\/wp-json\/wp\/v2\/media\/48988"}],"wp:attachment":[{"href":"https:\/\/www.blogdomassinha.com.br\/v1\/wp-json\/wp\/v2\/media?parent=48987"}],"wp:term":[{"taxonomy":"category","embeddable":true,"href":"https:\/\/www.blogdomassinha.com.br\/v1\/wp-json\/wp\/v2\/categories?post=48987"},{"taxonomy":"post_tag","embeddable":true,"href":"https:\/\/www.blogdomassinha.com.br\/v1\/wp-json\/wp\/v2\/tags?post=48987"}],"curies":[{"name":"wp","href":"https:\/\/api.w.org\/{rel}","templated":true}]}}