{"id":4889,"date":"2016-09-19T15:35:47","date_gmt":"2016-09-19T18:35:47","guid":{"rendered":"http:\/\/www.blogdomassinha.com.br\/v1\/?p=4889"},"modified":"2016-09-19T15:43:15","modified_gmt":"2016-09-19T18:43:15","slug":"conquista-correntistas-reclamam-de-problemas-com-alguns-servicos-bancarios-durante-greve","status":"publish","type":"post","link":"https:\/\/www.blogdomassinha.com.br\/v1\/2016\/09\/19\/conquista-correntistas-reclamam-de-problemas-com-alguns-servicos-bancarios-durante-greve\/","title":{"rendered":"Conquista: Correntistas reclamam de problemas com alguns servi\u00e7os banc\u00e1rios durante greve"},"content":{"rendered":"<div id=\"attachment_4890\" style=\"width: 510px\" class=\"wp-caption aligncenter\"><a href=\"http:\/\/www.blogdomassinha.com.br\/v1\/wp-content\/uploads\/2016\/09\/0014.jpg\" class=\"gallery_colorbox\"><img aria-describedby=\"caption-attachment-4890\" loading=\"lazy\" class=\"wp-image-4890\" src=\"http:\/\/www.blogdomassinha.com.br\/v1\/wp-content\/uploads\/2016\/09\/0014.jpg\"  alt=\"001\" width=\"500\" height=\"283\" srcset=\"https:\/\/www.blogdomassinha.com.br\/v1\/wp-content\/uploads\/2016\/09\/0014.jpg 794w, https:\/\/www.blogdomassinha.com.br\/v1\/wp-content\/uploads\/2016\/09\/0014-300x170.jpg 300w\" sizes=\"(max-width: 500px) 100vw, 500px\" \/><\/a><p id=\"caption-attachment-4890\" class=\"wp-caption-text\"><strong>Foto: Celso Rios<\/strong><\/p><\/div>\n<p style=\"text-align: justify;\"><strong>Por Celso Rios<\/strong><\/p>\n<p style=\"text-align: justify;\">Nesta segunda-feira (19) est\u00e3o sendo completados 14 dias da greve geral dos banc\u00e1rios, a categoria se reuniu nos \u00faltimos dias para tentar selar um acordo com \u00a0a Federa\u00e7\u00e3o Nacional dos Bancos (FENABAN). Apesar do esfor\u00e7o dos banc\u00e1rios em estabelecer uma conversa, nada foi resolvido entre as partes, e a greve continua em todo pa\u00eds.<\/p>\n<p style=\"text-align: justify;\">\u00a0Transtorno que tem feito muitos correntistas da maior cidade do sudoeste baiano terem dor de cabe\u00e7a.<\/p>\n<p style=\"text-align: justify;\">\u00c9 o caso de Jean Pierre, pintor, que n\u00e3o consegue ter acesso aos servi\u00e7os internos do banco, que continuam suspensos, e com dois cart\u00f5es bloqueados, apesar de tentar fazer a libera\u00e7\u00e3o destes mediante os telefones de servi\u00e7o, n\u00e3o vem obtendo sucesso.<!--more--><\/p>\n<p style=\"text-align: justify;\">\u00a0\u201cA maior dificuldade \u00e9 o acesso \u00e0 \u00e1rea interna dos bancos, pois, muitas vezes os problemas n\u00e3o s\u00e3o resolvidos por meio do caixa eletr\u00f4nico. Entendo os dois lados, mas ficamos prejudicados porque a gente necessita do servi\u00e7o da \u00e1rea interna que se encontra paralisado. Estou com dois cart\u00f5es bloqueados e at\u00e9 agora n\u00e3o consegui solucionar o problema e desbloque\u00e1-los. Estou tentando ligar e n\u00e3o venho obtendo \u00eaxito\u201d, disse Jean.<\/p>\n<p style=\"text-align: justify;\">Situa\u00e7\u00e3o muito complicada tamb\u00e9m pra Edmilson Ferraz, o enfermeiro n\u00e3o tem conseguido fazer dep\u00f3sitos e por conta de um dos cart\u00f5es estar danificado n\u00e3o consegue fazer nenhum saque em sua conta.<\/p>\n<p style=\"text-align: justify;\">\u201cMinha dificuldade vem sendo principalmente com rela\u00e7\u00e3o a dep\u00f3sitos. Porque em um dos bancos n\u00e3o est\u00e3o sendo feitos dep\u00f3sitos, nem em dinheiro ou cheque e as lot\u00e9ricas fazem, s\u00f3 que num valor limitado, e tamb\u00e9m n\u00e3o recebe em cheque. Estou com um dos meus cart\u00f5es avariado e tenho dinheiro na conta, mas n\u00e3o posso sacar nem pelo internet banking, j\u00e1 que meu cadastro expirou e estou sem acesso. N\u00e3o consigo sacar e nem fazer transa\u00e7\u00e3o alguma. Nessa acabamos perdendo a oportunidade de fazer algum neg\u00f3cio e pagar algumas coisas\u201d, declarou o Edmilson.<\/p>\n<p style=\"text-align: justify;\">A greve tamb\u00e9m vem prejudicando o administrador Ricardo Porto, segundo ele, o processo de compra de im\u00f3vel est\u00e1 sendo dificultado justamente por n\u00e3o ter acesso aos servi\u00e7os de financiamento ofertados pelo banco.<\/p>\n<p style=\"text-align: justify;\">\u201cEu estou no processo para dar entrada num financiamento e a partir dessa greve foi tudo travado. Isso me prejudica porque estou tentando comprar um im\u00f3vel e at\u00e9 o momento por conta deste per\u00edodo eu n\u00e3o consigo financiar, e muito menos dar entrada no financiamento\u201d, disse Ricardo Porto.<\/p>\n","protected":false},"excerpt":{"rendered":"<p>Por Celso Rios Nesta segunda-feira (19) est\u00e3o sendo completados 14 dias da greve geral dos banc\u00e1rios, a categoria se reuniu nos \u00faltimos dias para tentar selar um acordo com \u00a0a Federa\u00e7\u00e3o Nacional dos Bancos (FENABAN). Apesar do esfor\u00e7o dos banc\u00e1rios em estabelecer uma conversa, nada foi resolvido entre as partes, e a greve continua em [&hellip;]<\/p>\n","protected":false},"author":3,"featured_media":4890,"comment_status":"open","ping_status":"open","sticky":false,"template":"","format":"standard","meta":[],"categories":[7,1],"tags":[931,932,15],"_links":{"self":[{"href":"https:\/\/www.blogdomassinha.com.br\/v1\/wp-json\/wp\/v2\/posts\/4889"}],"collection":[{"href":"https:\/\/www.blogdomassinha.com.br\/v1\/wp-json\/wp\/v2\/posts"}],"about":[{"href":"https:\/\/www.blogdomassinha.com.br\/v1\/wp-json\/wp\/v2\/types\/post"}],"author":[{"embeddable":true,"href":"https:\/\/www.blogdomassinha.com.br\/v1\/wp-json\/wp\/v2\/users\/3"}],"replies":[{"embeddable":true,"href":"https:\/\/www.blogdomassinha.com.br\/v1\/wp-json\/wp\/v2\/comments?post=4889"}],"version-history":[{"count":3,"href":"https:\/\/www.blogdomassinha.com.br\/v1\/wp-json\/wp\/v2\/posts\/4889\/revisions"}],"predecessor-version":[{"id":4893,"href":"https:\/\/www.blogdomassinha.com.br\/v1\/wp-json\/wp\/v2\/posts\/4889\/revisions\/4893"}],"wp:featuredmedia":[{"embeddable":true,"href":"https:\/\/www.blogdomassinha.com.br\/v1\/wp-json\/wp\/v2\/media\/4890"}],"wp:attachment":[{"href":"https:\/\/www.blogdomassinha.com.br\/v1\/wp-json\/wp\/v2\/media?parent=4889"}],"wp:term":[{"taxonomy":"category","embeddable":true,"href":"https:\/\/www.blogdomassinha.com.br\/v1\/wp-json\/wp\/v2\/categories?post=4889"},{"taxonomy":"post_tag","embeddable":true,"href":"https:\/\/www.blogdomassinha.com.br\/v1\/wp-json\/wp\/v2\/tags?post=4889"}],"curies":[{"name":"wp","href":"https:\/\/api.w.org\/{rel}","templated":true}]}}