{"id":48866,"date":"2024-12-29T14:49:37","date_gmt":"2024-12-29T17:49:37","guid":{"rendered":"https:\/\/www.blogdomassinha.com.br\/v1\/?p=48866"},"modified":"2024-12-29T16:31:38","modified_gmt":"2024-12-29T19:31:38","slug":"o-suspense-continua-quem-sera-o-presidente-do-legislativo-conquistense-carlos-costa-petista-autentico-defende-que-a-esquerda-deve-lancar-candidato-mesmo-que-seja-para-marcar-posicao","status":"publish","type":"post","link":"https:\/\/www.blogdomassinha.com.br\/v1\/2024\/12\/29\/o-suspense-continua-quem-sera-o-presidente-do-legislativo-conquistense-carlos-costa-petista-autentico-defende-que-a-esquerda-deve-lancar-candidato-mesmo-que-seja-para-marcar-posicao\/","title":{"rendered":"O suspense continua: quem ser\u00e1 o presidente do legislativo conquistense? Carlos Costa, petista aut\u00eantico, defende que a esquerda deve lan\u00e7ar candidato, mesmo que seja para marcar posi\u00e7\u00e3o."},"content":{"rendered":"<p class=\"p1\"><span class=\"s1\"><img loading=\"lazy\" class=\"size-medium wp-image-48867 alignleft\" src=\"https:\/\/www.blogdomassinha.com.br\/v1\/wp-content\/uploads\/2024\/12\/IMG_4073-300x119.jpeg\" alt=\"\" width=\"300\" height=\"119\" srcset=\"https:\/\/www.blogdomassinha.com.br\/v1\/wp-content\/uploads\/2024\/12\/IMG_4073-300x119.jpeg 300w, https:\/\/www.blogdomassinha.com.br\/v1\/wp-content\/uploads\/2024\/12\/IMG_4073.jpeg 600w\" sizes=\"(max-width: 300px) 100vw, 300px\" \/><br \/>\nCarlos Costa<\/span><span class=\"s2\">, conhecido por sua milit\u00e2ncia hist\u00f3rica no <\/span><span class=\"s1\">Partido dos Trabalhadores (PT)<\/span><span class=\"s2\"> e por ser um defensor coerente dos princ\u00edpios ideol\u00f3gicos da esquerda, tem se destacado nos debates pol\u00edticos de Vit\u00f3ria da Conquista. Petista desde a funda\u00e7\u00e3o do partido, ele mant\u00e9m uma postura cr\u00edtica, n\u00e3o apenas em rela\u00e7\u00e3o \u00e0 direita, mas tamb\u00e9m \u00e0s incoer\u00eancias internas que surgem no cen\u00e1rio pol\u00edtico nacional e regional.<\/span><\/p>\n<p class=\"p1\"><span class=\"s2\">Segundo ele, a esquerda deve preservar seus princ\u00edpios e marcar posi\u00e7\u00e3o, mesmo em cen\u00e1rios adversos. \u00c9 com esse pensamento que Carlos Costa advoga pela necessidade de os partidos da federa\u00e7\u00e3o (PT, PCdoB e PSB) apresentarem um candidato \u00e0 presid\u00eancia da C\u00e2mara Municipal na pr\u00f3xima legislatura, que inicia em janeiro. Para ele, essa a\u00e7\u00e3o seria uma forma de retribuir a confian\u00e7a dos eleitores que votaram nos candidatos de esquerda nas \u00faltimas elei\u00e7\u00f5es municipais, como <\/span><span class=\"s1\">Waldenor Pereira<\/span><span class=\"s2\"> e <\/span><span class=\"s1\">Luciana Silva<\/span><span class=\"s2\">.<\/span><\/p>\n<p class=\"p1\"><strong><span class=\"s1\">Um apelo por coer\u00eancia ideol\u00f3gica<\/span><\/strong><\/p>\n<p class=\"p1\"><span class=\"s2\">Carlos acredita que, independentemente do resultado, a esquerda deve manter sua coer\u00eancia e lan\u00e7ar um candidato pr\u00f3prio. Ele argumenta que apoiar um nome alinhado com a base da prefeita <\/span><span class=\"s1\">Sheila Lemos<\/span><span class=\"s2\"> representaria uma trai\u00e7\u00e3o aos princ\u00edpios da federa\u00e7\u00e3o. Segundo ele, essa seria uma oportunidade para mostrar \u00e0 sociedade que os partidos de esquerda est\u00e3o comprometidos com suas bases e com os valores que representam.<\/span><\/p>\n<p class=\"p1\"><strong><span class=\"s1\">Os desafios da uni\u00e3o na federa\u00e7\u00e3o<\/span><\/strong><\/p>\n<p class=\"p1\"><span class=\"s2\">No entanto, a realidade pol\u00edtica mostra-se desafiadora para a concretiza\u00e7\u00e3o desse ideal. Os tr\u00eas vereadores do <\/span><span class=\"s1\">PCdoB<\/span><span class=\"s2\">\u2014<\/span><span class=\"s1\">Luciano Gomes<\/span><span class=\"s2\">, <\/span><span class=\"s1\">Ricardo Bab\u00e3o<\/span><span class=\"s2\"> e <\/span><span class=\"s1\">Andresson Oliveira<\/span><span class=\"s2\">\u2014t\u00eam sinalizado apoio a candidatos fora da federa\u00e7\u00e3o. Essa posi\u00e7\u00e3o se justifica, segundo analistas, pela busca de espa\u00e7o na mesa diretora e pela articula\u00e7\u00e3o pol\u00edtica local.<\/span><!--more--><\/p>\n<p class=\"p1\"><span class=\"s2\">Carlos Costa reconhece que essa postura dificulta a viabilidade de uma candidatura unificada da esquerda, mas insiste que marcar posi\u00e7\u00e3o seria um gesto de respeito aos eleitores e um sinal de for\u00e7a pol\u00edtica, mesmo diante de um cen\u00e1rio adverso.<\/span><\/p>\n<p class=\"p1\"><strong><span class=\"s1\">Uma empreitada dif\u00edcil<\/span><\/strong><\/p>\n<p class=\"p1\"><span class=\"s2\">A ideia de Carlos, embora coerente do ponto de vista ideol\u00f3gico, enfrenta barreiras pr\u00e1ticas. A pol\u00edtica conquistense, como em muitas cidades, \u00e9 marcada por articula\u00e7\u00f5es que muitas vezes colocam interesses estrat\u00e9gicos acima de ideais partid\u00e1rios.<\/span><\/p>\n<p class=\"p1\"><span class=\"s2\">Apesar disso, sua postura serve como um lembrete da import\u00e2ncia de se manter fiel \u00e0s origens e valores que moldaram a esquerda em Vit\u00f3ria da Conquista. Ainda que improv\u00e1vel, sua sugest\u00e3o \u00e9 um apelo por uma pol\u00edtica mais coerente e representativa.<\/span><\/p>\n<p class=\"p1\"><span class=\"s2\">Que rumo tomar\u00e1 o legislativo conquistense? A resposta a essa pergunta vir\u00e1 em breve, mas o debate est\u00e1 lan\u00e7ado e o cen\u00e1rio promete desdobramentos interessantes.<\/span><\/p>\n","protected":false},"excerpt":{"rendered":"<p>Carlos Costa, conhecido por sua milit\u00e2ncia hist\u00f3rica no Partido dos Trabalhadores (PT) e por ser um defensor coerente dos princ\u00edpios ideol\u00f3gicos da esquerda, tem se destacado nos debates pol\u00edticos de Vit\u00f3ria da Conquista. Petista desde a funda\u00e7\u00e3o do partido, ele mant\u00e9m uma postura cr\u00edtica, n\u00e3o apenas em rela\u00e7\u00e3o \u00e0 direita, mas tamb\u00e9m \u00e0s incoer\u00eancias internas [&hellip;]<\/p>\n","protected":false},"author":3,"featured_media":48867,"comment_status":"open","ping_status":"open","sticky":false,"template":"","format":"standard","meta":[],"categories":[7,2],"tags":[],"_links":{"self":[{"href":"https:\/\/www.blogdomassinha.com.br\/v1\/wp-json\/wp\/v2\/posts\/48866"}],"collection":[{"href":"https:\/\/www.blogdomassinha.com.br\/v1\/wp-json\/wp\/v2\/posts"}],"about":[{"href":"https:\/\/www.blogdomassinha.com.br\/v1\/wp-json\/wp\/v2\/types\/post"}],"author":[{"embeddable":true,"href":"https:\/\/www.blogdomassinha.com.br\/v1\/wp-json\/wp\/v2\/users\/3"}],"replies":[{"embeddable":true,"href":"https:\/\/www.blogdomassinha.com.br\/v1\/wp-json\/wp\/v2\/comments?post=48866"}],"version-history":[{"count":3,"href":"https:\/\/www.blogdomassinha.com.br\/v1\/wp-json\/wp\/v2\/posts\/48866\/revisions"}],"predecessor-version":[{"id":48873,"href":"https:\/\/www.blogdomassinha.com.br\/v1\/wp-json\/wp\/v2\/posts\/48866\/revisions\/48873"}],"wp:featuredmedia":[{"embeddable":true,"href":"https:\/\/www.blogdomassinha.com.br\/v1\/wp-json\/wp\/v2\/media\/48867"}],"wp:attachment":[{"href":"https:\/\/www.blogdomassinha.com.br\/v1\/wp-json\/wp\/v2\/media?parent=48866"}],"wp:term":[{"taxonomy":"category","embeddable":true,"href":"https:\/\/www.blogdomassinha.com.br\/v1\/wp-json\/wp\/v2\/categories?post=48866"},{"taxonomy":"post_tag","embeddable":true,"href":"https:\/\/www.blogdomassinha.com.br\/v1\/wp-json\/wp\/v2\/tags?post=48866"}],"curies":[{"name":"wp","href":"https:\/\/api.w.org\/{rel}","templated":true}]}}