{"id":4867,"date":"2016-09-15T14:16:04","date_gmt":"2016-09-15T17:16:04","guid":{"rendered":"http:\/\/www.blogdomassinha.com.br\/v1\/?p=4867"},"modified":"2016-09-15T14:16:04","modified_gmt":"2016-09-15T17:16:04","slug":"conquista-dia-08-de-outubro-tem-resenha-e-muita-musica-com-show-cabare-confira-os-novos-precos","status":"publish","type":"post","link":"https:\/\/www.blogdomassinha.com.br\/v1\/2016\/09\/15\/conquista-dia-08-de-outubro-tem-resenha-e-muita-musica-com-show-cabare-confira-os-novos-precos\/","title":{"rendered":"Conquista: Dia 08 de outubro tem resenha e muita m\u00fasica com show &#8216;Cabar\u00e9&#8217;; confira os novos pre\u00e7os"},"content":{"rendered":"<div id=\"attachment_4868\" style=\"width: 509px\" class=\"wp-caption aligncenter\"><a href=\"http:\/\/www.blogdomassinha.com.br\/v1\/wp-content\/uploads\/2016\/09\/Leonardo-e-Eduardo-Costa-foto-de-divulga\u00e7\u00e3o-890x395.jpg\" class=\"gallery_colorbox\"><img aria-describedby=\"caption-attachment-4868\" loading=\"lazy\" class=\"wp-image-4868\" src=\"http:\/\/www.blogdomassinha.com.br\/v1\/wp-content\/uploads\/2016\/09\/Leonardo-e-Eduardo-Costa-foto-de-divulga\u00e7\u00e3o-890x395.jpg\"  alt=\"leonardo-e-eduardo-costa-foto-de-divulgacao-890x395\" width=\"499\" height=\"221\" srcset=\"https:\/\/www.blogdomassinha.com.br\/v1\/wp-content\/uploads\/2016\/09\/Leonardo-e-Eduardo-Costa-foto-de-divulga\u00e7\u00e3o-890x395.jpg 890w, https:\/\/www.blogdomassinha.com.br\/v1\/wp-content\/uploads\/2016\/09\/Leonardo-e-Eduardo-Costa-foto-de-divulga\u00e7\u00e3o-890x395-300x133.jpg 300w\" sizes=\"(max-width: 499px) 100vw, 499px\" \/><\/a><p id=\"caption-attachment-4868\" class=\"wp-caption-text\"><strong>Foto: Divulga\u00e7\u00e3o<\/strong><\/p><\/div>\n<p style=\"text-align: justify;\">Considerado um dos principais eventos de 2016 em Vit\u00f3ria da Conquista, est\u00e1 cada vez mais pr\u00f3ximo o show \u2018Cabar\u00e9\u2019, estrelado por duas ilustres figuras do mundo sertanejo, os cantores Leonardo e Eduardo Costa.<\/p>\n<p style=\"text-align: justify;\">E voc\u00ea, claro, n\u00e3o vai querer ficar de fora dessa, n\u00e9? Quer alguns bons motivos? Ent\u00e3o, l\u00e1 vai!<\/p>\n<p style=\"text-align: justify;\">Esses dois artistas al\u00e9m de embalarem can\u00e7\u00f5es que atravessaram gera\u00e7\u00f5es e perduram at\u00e9 hoje no imagin\u00e1rio musical, fazem um n\u00famero engra\u00e7ad\u00edssimo, por onde passam v\u00e1rios causos e brincadeiras tiram bons risos da plateia. Al\u00e9m, claro, de um maravilhoso cen\u00e1rio inspirado nos famosos cabar\u00e9s, ilumina\u00e7\u00e3o e muita beleza, com um lindo bal\u00e9 composto por belas dan\u00e7arinas.<!--more--><\/p>\n<p style=\"text-align: justify;\">Os ingressos para esse super show que acontece no dia 08 de outubro, no Parque de Exposi\u00e7\u00f5es Teopompo de Almeida, est\u00e3o \u00e0 venda. Corre e adquira j\u00e1 o seu a pre\u00e7os de R$ 65 (\u00e1rea vip) e R$ 160 (camarote).<\/p>\n","protected":false},"excerpt":{"rendered":"<p>Considerado um dos principais eventos de 2016 em Vit\u00f3ria da Conquista, est\u00e1 cada vez mais pr\u00f3ximo o show \u2018Cabar\u00e9\u2019, estrelado por duas ilustres figuras do mundo sertanejo, os cantores Leonardo e Eduardo Costa. E voc\u00ea, claro, n\u00e3o vai querer ficar de fora dessa, n\u00e9? Quer alguns bons motivos? Ent\u00e3o, l\u00e1 vai! Esses dois artistas al\u00e9m [&hellip;]<\/p>\n","protected":false},"author":3,"featured_media":4868,"comment_status":"open","ping_status":"open","sticky":false,"template":"","format":"standard","meta":[],"categories":[7,3],"tags":[44,905,15],"_links":{"self":[{"href":"https:\/\/www.blogdomassinha.com.br\/v1\/wp-json\/wp\/v2\/posts\/4867"}],"collection":[{"href":"https:\/\/www.blogdomassinha.com.br\/v1\/wp-json\/wp\/v2\/posts"}],"about":[{"href":"https:\/\/www.blogdomassinha.com.br\/v1\/wp-json\/wp\/v2\/types\/post"}],"author":[{"embeddable":true,"href":"https:\/\/www.blogdomassinha.com.br\/v1\/wp-json\/wp\/v2\/users\/3"}],"replies":[{"embeddable":true,"href":"https:\/\/www.blogdomassinha.com.br\/v1\/wp-json\/wp\/v2\/comments?post=4867"}],"version-history":[{"count":1,"href":"https:\/\/www.blogdomassinha.com.br\/v1\/wp-json\/wp\/v2\/posts\/4867\/revisions"}],"predecessor-version":[{"id":4869,"href":"https:\/\/www.blogdomassinha.com.br\/v1\/wp-json\/wp\/v2\/posts\/4867\/revisions\/4869"}],"wp:featuredmedia":[{"embeddable":true,"href":"https:\/\/www.blogdomassinha.com.br\/v1\/wp-json\/wp\/v2\/media\/4868"}],"wp:attachment":[{"href":"https:\/\/www.blogdomassinha.com.br\/v1\/wp-json\/wp\/v2\/media?parent=4867"}],"wp:term":[{"taxonomy":"category","embeddable":true,"href":"https:\/\/www.blogdomassinha.com.br\/v1\/wp-json\/wp\/v2\/categories?post=4867"},{"taxonomy":"post_tag","embeddable":true,"href":"https:\/\/www.blogdomassinha.com.br\/v1\/wp-json\/wp\/v2\/tags?post=4867"}],"curies":[{"name":"wp","href":"https:\/\/api.w.org\/{rel}","templated":true}]}}