{"id":4829,"date":"2016-09-13T16:22:53","date_gmt":"2016-09-13T19:22:53","guid":{"rendered":"http:\/\/www.blogdomassinha.com.br\/v1\/?p=4829"},"modified":"2016-09-13T16:24:23","modified_gmt":"2016-09-13T19:24:23","slug":"saulo-lanca-clipe-de-nova-musica-que-contou-com-participacao-de-seus-fas","status":"publish","type":"post","link":"https:\/\/www.blogdomassinha.com.br\/v1\/2016\/09\/13\/saulo-lanca-clipe-de-nova-musica-que-contou-com-participacao-de-seus-fas\/","title":{"rendered":"Saulo lan\u00e7a clipe de nova m\u00fasica que contou com participa\u00e7\u00e3o de seus f\u00e3s"},"content":{"rendered":"<div id=\"attachment_4830\" style=\"width: 463px\" class=\"wp-caption aligncenter\"><a href=\"http:\/\/www.blogdomassinha.com.br\/v1\/wp-content\/uploads\/2016\/09\/Incr\u00edvel-Ser.jpg\" class=\"gallery_colorbox\"><img aria-describedby=\"caption-attachment-4830\" loading=\"lazy\" class=\"wp-image-4830\" src=\"http:\/\/www.blogdomassinha.com.br\/v1\/wp-content\/uploads\/2016\/09\/Incr\u00edvel-Ser.jpg\"  alt=\"incrivel-ser\" width=\"453\" height=\"250\" srcset=\"https:\/\/www.blogdomassinha.com.br\/v1\/wp-content\/uploads\/2016\/09\/Incr\u00edvel-Ser.jpg 601w, https:\/\/www.blogdomassinha.com.br\/v1\/wp-content\/uploads\/2016\/09\/Incr\u00edvel-Ser-300x166.jpg 300w\" sizes=\"(max-width: 453px) 100vw, 453px\" \/><\/a><p id=\"caption-attachment-4830\" class=\"wp-caption-text\">Foto: Divulga\u00e7\u00e3o \/ Instagram<\/p><\/div>\n<p style=\"text-align: justify;\">O cantor Saulo segue inovando e recentemente gravou o f\u00e3 clipe da sua mais nova can\u00e7\u00e3o \u201cIncr\u00edvel Ser\u201d.\u00a0 A produ\u00e7\u00e3o audiovisual contou com as participa\u00e7\u00f5es de v\u00e1rios admiradores de seu trabalho e os momentos registrados viraram cen\u00e1rio para a cria\u00e7\u00e3o de um videoclipe todo especial.<\/p>\n<p style=\"text-align: justify;\">A composi\u00e7\u00e3o foi originada a partir de uma poesia postada na p\u00e1gina \u2018Um Triz Em Paz\u2019(<strong><a href=\"https:\/\/www.instagram.com\/umtrizempaz\/\">instagram<\/a><\/strong>), da\u00ed saiu \u00e0 ideia de tomar forma como can\u00e7\u00e3o e invadir as plataformas virtuais como <strong><a href=\"https:\/\/www.facebook.com\/Rua15Saulo\/videos\/1184246261619285\/\">facebook<\/a><\/strong> e <strong><a href=\"https:\/\/www.youtube.com\/watch?v=8AfT0tFdBWM\">youtube<\/a><\/strong>.<\/p>\n<p style=\"text-align: justify;\">\n","protected":false},"excerpt":{"rendered":"<p>O cantor Saulo segue inovando e recentemente gravou o f\u00e3 clipe da sua mais nova can\u00e7\u00e3o \u201cIncr\u00edvel Ser\u201d.\u00a0 A produ\u00e7\u00e3o audiovisual contou com as participa\u00e7\u00f5es de v\u00e1rios admiradores de seu trabalho e os momentos registrados viraram cen\u00e1rio para a cria\u00e7\u00e3o de um videoclipe todo especial. A composi\u00e7\u00e3o foi originada a partir de uma poesia postada [&hellip;]<\/p>\n","protected":false},"author":3,"featured_media":4830,"comment_status":"open","ping_status":"open","sticky":false,"template":"","format":"standard","meta":[],"categories":[7],"tags":[923,195],"_links":{"self":[{"href":"https:\/\/www.blogdomassinha.com.br\/v1\/wp-json\/wp\/v2\/posts\/4829"}],"collection":[{"href":"https:\/\/www.blogdomassinha.com.br\/v1\/wp-json\/wp\/v2\/posts"}],"about":[{"href":"https:\/\/www.blogdomassinha.com.br\/v1\/wp-json\/wp\/v2\/types\/post"}],"author":[{"embeddable":true,"href":"https:\/\/www.blogdomassinha.com.br\/v1\/wp-json\/wp\/v2\/users\/3"}],"replies":[{"embeddable":true,"href":"https:\/\/www.blogdomassinha.com.br\/v1\/wp-json\/wp\/v2\/comments?post=4829"}],"version-history":[{"count":3,"href":"https:\/\/www.blogdomassinha.com.br\/v1\/wp-json\/wp\/v2\/posts\/4829\/revisions"}],"predecessor-version":[{"id":4833,"href":"https:\/\/www.blogdomassinha.com.br\/v1\/wp-json\/wp\/v2\/posts\/4829\/revisions\/4833"}],"wp:featuredmedia":[{"embeddable":true,"href":"https:\/\/www.blogdomassinha.com.br\/v1\/wp-json\/wp\/v2\/media\/4830"}],"wp:attachment":[{"href":"https:\/\/www.blogdomassinha.com.br\/v1\/wp-json\/wp\/v2\/media?parent=4829"}],"wp:term":[{"taxonomy":"category","embeddable":true,"href":"https:\/\/www.blogdomassinha.com.br\/v1\/wp-json\/wp\/v2\/categories?post=4829"},{"taxonomy":"post_tag","embeddable":true,"href":"https:\/\/www.blogdomassinha.com.br\/v1\/wp-json\/wp\/v2\/tags?post=4829"}],"curies":[{"name":"wp","href":"https:\/\/api.w.org\/{rel}","templated":true}]}}