{"id":4764,"date":"2016-09-08T12:01:35","date_gmt":"2016-09-08T15:01:35","guid":{"rendered":"http:\/\/www.blogdomassinha.com.br\/v1\/?p=4764"},"modified":"2016-09-08T12:01:35","modified_gmt":"2016-09-08T15:01:35","slug":"ivete-confirma-participacao-no-encerramento-da-paralimpiada-rio-2016","status":"publish","type":"post","link":"https:\/\/www.blogdomassinha.com.br\/v1\/2016\/09\/08\/ivete-confirma-participacao-no-encerramento-da-paralimpiada-rio-2016\/","title":{"rendered":"Ivete confirma participa\u00e7\u00e3o no encerramento da Paral\u00edmpiada Rio 2016"},"content":{"rendered":"<p>&nbsp;<\/p>\n<blockquote class=\"instagram-media\" style=\"background: #FFF; border: 0; border-radius: 3px; box-shadow: 0 0 1px 0 rgba(0,0,0,0.5),0 1px 10px 0 rgba(0,0,0,0.15); margin: 1px; max-width: 658px; padding: 0; width: calc(100% - 2px);\" data-instgrm-captioned=\"\" data-instgrm-version=\"7\">\n<div style=\"padding: 8px;\">\n<div style=\"background: #F8F8F8; line-height: 0; margin-top: 40px; padding: 50.0% 0; text-align: center; width: 100%;\"><\/div>\n<p style=\"margin: 8px 0 0 0; padding: 0 4px;\"><a style=\"color: #000; font-family: Arial,sans-serif; font-size: 14px; font-style: normal; font-weight: normal; line-height: 17px; text-decoration: none; word-wrap: break-word;\" href=\"https:\/\/www.instagram.com\/p\/BKFEMVfh9Vs\/\" target=\"_blank\">Olha s\u00f3 quem vai estar na festa de encerramento dos Jogos Paral\u00edmpicos?! &#x1f49a;&#x1f49b;&#x1f499;<\/a><\/p>\n<p style=\"color: #c9c8cd; font-family: Arial,sans-serif; font-size: 14px; line-height: 17px; margin-bottom: 0; margin-top: 8px; overflow: hidden; padding: 8px 0 7px; text-align: center; text-overflow: ellipsis; white-space: nowrap;\">Um v\u00eddeo publicado por V\u00eddeos Veveta (@videosveveta) em <time style=\"font-family: Arial,sans-serif; font-size: 14px; line-height: 17px;\" datetime=\"2016-09-08T03:03:02+00:00\">Set 7, 2016 \u00e0s 8:03 PDT<\/time><\/p>\n<\/div>\n<\/blockquote>\n<p><script src=\"\/\/platform.instagram.com\/en_US\/embeds.js\" async=\"\" defer=\"defer\"><\/script><\/p>\n<p><strong>Por Celso Rios<\/strong><\/p>\n<p style=\"text-align: justify;\">A cantora baiana Ivete Sangalo, ela mesma, a Veveta, participar\u00e1 da cerim\u00f4nia de encerramento dos Jogos Paral\u00edmpicos Rio 2016. A artista que est\u00e1 sempre antenada e conectada com seus f\u00e3s atrav\u00e9s das redes sociais divulgou a not\u00edcia na noite dessa quarta-feira (7), por meio do aplicativo Snapchat.<\/p>\n<p style=\"text-align: justify;\">Aguardada ansiosamente por seus f\u00e3s que comemoraram a not\u00edcia via redes sociais, a cantora aproveitou para se manifestar. &#8220;Pense numa alegria, numa satisfa\u00e7\u00e3o e numa honra, t\u00e1 l\u00e1 cantando nessa festa linda. A abertura foi linda e o encerramento vai ser demais, t\u00f4 feliz demais\u201d, conta.<!--more--><\/p>\n<p style=\"text-align: justify;\">O encerramento que acontecer\u00e1 no dia 18 de setembro, no Est\u00e1dio Maracan\u00e3, dever\u00e1 ser um \u2018vale a pena ver de novo\u2019, a exemplo do que aconteceu no encerramento da Copa de 2014.<\/p>\n","protected":false},"excerpt":{"rendered":"<p>&nbsp; Olha s\u00f3 quem vai estar na festa de encerramento dos Jogos Paral\u00edmpicos?! &#x1f49a;&#x1f49b;&#x1f499; Um v\u00eddeo publicado por V\u00eddeos Veveta (@videosveveta) em Set 7, 2016 \u00e0s 8:03 PDT Por Celso Rios A cantora baiana Ivete Sangalo, ela mesma, a Veveta, participar\u00e1 da cerim\u00f4nia de encerramento dos Jogos Paral\u00edmpicos Rio 2016. A artista que est\u00e1 sempre [&hellip;]<\/p>\n","protected":false},"author":3,"featured_media":4765,"comment_status":"open","ping_status":"open","sticky":false,"template":"","format":"standard","meta":[],"categories":[7,3],"tags":[56,900,901],"_links":{"self":[{"href":"https:\/\/www.blogdomassinha.com.br\/v1\/wp-json\/wp\/v2\/posts\/4764"}],"collection":[{"href":"https:\/\/www.blogdomassinha.com.br\/v1\/wp-json\/wp\/v2\/posts"}],"about":[{"href":"https:\/\/www.blogdomassinha.com.br\/v1\/wp-json\/wp\/v2\/types\/post"}],"author":[{"embeddable":true,"href":"https:\/\/www.blogdomassinha.com.br\/v1\/wp-json\/wp\/v2\/users\/3"}],"replies":[{"embeddable":true,"href":"https:\/\/www.blogdomassinha.com.br\/v1\/wp-json\/wp\/v2\/comments?post=4764"}],"version-history":[{"count":1,"href":"https:\/\/www.blogdomassinha.com.br\/v1\/wp-json\/wp\/v2\/posts\/4764\/revisions"}],"predecessor-version":[{"id":4766,"href":"https:\/\/www.blogdomassinha.com.br\/v1\/wp-json\/wp\/v2\/posts\/4764\/revisions\/4766"}],"wp:featuredmedia":[{"embeddable":true,"href":"https:\/\/www.blogdomassinha.com.br\/v1\/wp-json\/wp\/v2\/media\/4765"}],"wp:attachment":[{"href":"https:\/\/www.blogdomassinha.com.br\/v1\/wp-json\/wp\/v2\/media?parent=4764"}],"wp:term":[{"taxonomy":"category","embeddable":true,"href":"https:\/\/www.blogdomassinha.com.br\/v1\/wp-json\/wp\/v2\/categories?post=4764"},{"taxonomy":"post_tag","embeddable":true,"href":"https:\/\/www.blogdomassinha.com.br\/v1\/wp-json\/wp\/v2\/tags?post=4764"}],"curies":[{"name":"wp","href":"https:\/\/api.w.org\/{rel}","templated":true}]}}