{"id":47578,"date":"2024-10-31T15:43:37","date_gmt":"2024-10-31T18:43:37","guid":{"rendered":"https:\/\/www.blogdomassinha.com.br\/v1\/?p=47578"},"modified":"2024-10-31T15:43:37","modified_gmt":"2024-10-31T18:43:37","slug":"deputado-federal-leo-prates-recebera-titulo-de-cidadao-conquistense-na-proxima-semana","status":"publish","type":"post","link":"https:\/\/www.blogdomassinha.com.br\/v1\/2024\/10\/31\/deputado-federal-leo-prates-recebera-titulo-de-cidadao-conquistense-na-proxima-semana\/","title":{"rendered":"Deputado Federal L\u00e9o Prates Receber\u00e1 T\u00edtulo de Cidad\u00e3o Conquistense, na pr\u00f3xima semana"},"content":{"rendered":"<p class=\"p1\"><span class=\"s1\"><img loading=\"lazy\" class=\"alignright size-medium wp-image-35508\" src=\"https:\/\/www.blogdomassinha.com.br\/v1\/wp-content\/uploads\/2022\/08\/Leo_Prates_foto__julianaandrade_1_2_3_4_5_6-300x200.jpg\" alt=\"\" width=\"300\" height=\"200\" srcset=\"https:\/\/www.blogdomassinha.com.br\/v1\/wp-content\/uploads\/2022\/08\/Leo_Prates_foto__julianaandrade_1_2_3_4_5_6-300x200.jpg 300w, https:\/\/www.blogdomassinha.com.br\/v1\/wp-content\/uploads\/2022\/08\/Leo_Prates_foto__julianaandrade_1_2_3_4_5_6-1024x683.jpg 1024w, https:\/\/www.blogdomassinha.com.br\/v1\/wp-content\/uploads\/2022\/08\/Leo_Prates_foto__julianaandrade_1_2_3_4_5_6.jpg 1140w\" sizes=\"(max-width: 300px) 100vw, 300px\" \/><br \/>\nAtrav\u00e9s de uma proposi\u00e7\u00e3o da mesa diretora da C\u00e2mara Municipal de Vit\u00f3ria da Conquista, odeputado federal Leo Prates ser\u00e1 homenageado com o t\u00edtulo de cidad\u00e3o conquistense. A cerim\u00f4nia de entrega do t\u00edtulo ocorrer\u00e1 no dia 5 de novembro, \u00e0s 19h, no Star Monumental, localizado na Rua Auxencia Dias Oliveira, lote Terras do Remanso, em Vit\u00f3ria da Conquista.<\/span><\/p>\n<p class=\"p1\"><span class=\"s1\">De fam\u00edlia Conquistense e forte la\u00e7os com o municipio, o t\u00edtulo visa honrar o trabalho e a dedica\u00e7\u00e3o de Prates em prol da cidade e sua popula\u00e7\u00e3o. \u201cEste t\u00edtulo \u00e9 um grande orgulho para toda a minha fam\u00edlia, antes de vir para Salvador, meu pai vendeu caixa de f\u00f3sforos na feira de Conquista\u201d, comenta Prates. \u201cSer agraciado com tamanho reconhecimento \u00e9 sem d\u00favidas motivo de grande emo\u00e7\u00e3o para todos n\u00f3s. Me comprometo a seguir trabalhando pelo bem dessa cidade que tanto amo\u201d, completa.<\/span><\/p>\n<p class=\"p1\"><span class=\"s1\">T\u00edtulo de Cidad\u00e3o Conquistense &#8211; Leo Prates:<\/span><\/p>\n<p class=\"p1\"><span class=\"s1\">&#8211; Data: 5 de novembro<\/span><\/p>\n<p class=\"p1\"><span class=\"s1\">&#8211; Hor\u00e1rio: 19h<\/span><\/p>\n<p class=\"p1\"><span class=\"s1\">&#8211; Local: Star Monumental, Rua Auxencia Dias Oliveira, lote Terras do Remanso, Vit\u00f3ria da Conquista.<\/span><\/p>\n","protected":false},"excerpt":{"rendered":"<p>Atrav\u00e9s de uma proposi\u00e7\u00e3o da mesa diretora da C\u00e2mara Municipal de Vit\u00f3ria da Conquista, odeputado federal Leo Prates ser\u00e1 homenageado com o t\u00edtulo de cidad\u00e3o conquistense. A cerim\u00f4nia de entrega do t\u00edtulo ocorrer\u00e1 no dia 5 de novembro, \u00e0s 19h, no Star Monumental, localizado na Rua Auxencia Dias Oliveira, lote Terras do Remanso, em Vit\u00f3ria [&hellip;]<\/p>\n","protected":false},"author":3,"featured_media":35508,"comment_status":"open","ping_status":"open","sticky":false,"template":"","format":"standard","meta":[],"categories":[7,1],"tags":[],"_links":{"self":[{"href":"https:\/\/www.blogdomassinha.com.br\/v1\/wp-json\/wp\/v2\/posts\/47578"}],"collection":[{"href":"https:\/\/www.blogdomassinha.com.br\/v1\/wp-json\/wp\/v2\/posts"}],"about":[{"href":"https:\/\/www.blogdomassinha.com.br\/v1\/wp-json\/wp\/v2\/types\/post"}],"author":[{"embeddable":true,"href":"https:\/\/www.blogdomassinha.com.br\/v1\/wp-json\/wp\/v2\/users\/3"}],"replies":[{"embeddable":true,"href":"https:\/\/www.blogdomassinha.com.br\/v1\/wp-json\/wp\/v2\/comments?post=47578"}],"version-history":[{"count":1,"href":"https:\/\/www.blogdomassinha.com.br\/v1\/wp-json\/wp\/v2\/posts\/47578\/revisions"}],"predecessor-version":[{"id":47579,"href":"https:\/\/www.blogdomassinha.com.br\/v1\/wp-json\/wp\/v2\/posts\/47578\/revisions\/47579"}],"wp:featuredmedia":[{"embeddable":true,"href":"https:\/\/www.blogdomassinha.com.br\/v1\/wp-json\/wp\/v2\/media\/35508"}],"wp:attachment":[{"href":"https:\/\/www.blogdomassinha.com.br\/v1\/wp-json\/wp\/v2\/media?parent=47578"}],"wp:term":[{"taxonomy":"category","embeddable":true,"href":"https:\/\/www.blogdomassinha.com.br\/v1\/wp-json\/wp\/v2\/categories?post=47578"},{"taxonomy":"post_tag","embeddable":true,"href":"https:\/\/www.blogdomassinha.com.br\/v1\/wp-json\/wp\/v2\/tags?post=47578"}],"curies":[{"name":"wp","href":"https:\/\/api.w.org\/{rel}","templated":true}]}}