{"id":47568,"date":"2024-10-31T11:33:31","date_gmt":"2024-10-31T14:33:31","guid":{"rendered":"https:\/\/www.blogdomassinha.com.br\/v1\/?p=47568"},"modified":"2024-10-31T11:33:31","modified_gmt":"2024-10-31T14:33:31","slug":"por-meio-da-coordenacao-da-juventude-prefeitura-promove-auloes-gratuitos-de-revisao-para-o-enem","status":"publish","type":"post","link":"https:\/\/www.blogdomassinha.com.br\/v1\/2024\/10\/31\/por-meio-da-coordenacao-da-juventude-prefeitura-promove-auloes-gratuitos-de-revisao-para-o-enem\/","title":{"rendered":"Por meio da Coordena\u00e7\u00e3o da Juventude, Prefeitura promove aul\u00f5es gratuitos de revis\u00e3o para o Enem"},"content":{"rendered":"<p class=\"p1\"><span class=\"s1\"><img loading=\"lazy\" class=\"alignright size-medium wp-image-47569\" src=\"https:\/\/www.blogdomassinha.com.br\/v1\/wp-content\/uploads\/2024\/10\/24a2e2f1-305b-4f00-b0c3-d7ece618cfba-300x200.jpeg\" alt=\"\" width=\"300\" height=\"200\" srcset=\"https:\/\/www.blogdomassinha.com.br\/v1\/wp-content\/uploads\/2024\/10\/24a2e2f1-305b-4f00-b0c3-d7ece618cfba-300x200.jpeg 300w, https:\/\/www.blogdomassinha.com.br\/v1\/wp-content\/uploads\/2024\/10\/24a2e2f1-305b-4f00-b0c3-d7ece618cfba.jpeg 600w\" sizes=\"(max-width: 300px) 100vw, 300px\" \/><br \/>\nA Prefeitura de Vit\u00f3ria da Conquista, por meio da Coordena\u00e7\u00e3o da Juventude, est\u00e1 promovendo o projeto \u201c\u00c9 hora do Enem\u201d, com aul\u00f5es gratuitos de revis\u00e3o e abertos para todas as pessoas que ir\u00e3o fazer as provas do Exame Nacional do Ensino M\u00e9dio, que come\u00e7am a partir do pr\u00f3ximo domingo (3).<\/span><\/p>\n<p class=\"p1\"><span class=\"s1\">O primeiro aul\u00e3o ser\u00e1 nesta sexta-feira (1\u00ba), das 18h30 \u00e0s 21h30, no Plen\u00e1rio da C\u00e2mara de Vereadores. O foco dessa primeira revis\u00e3o ser\u00e1 em Reda\u00e7\u00e3o, Linguagens e Humanas. O segundo aul\u00e3o ser\u00e1 na pr\u00f3xima sexta-feira (8), no mesmo hor\u00e1rio e local, com a revis\u00e3o de Exatas e Ci\u00eancias da Natureza.<\/span><\/p>\n<p class=\"p1\"><span class=\"s1\">N\u00e3o \u00e9 necess\u00e1rio fazer inscri\u00e7\u00e3o para participar. As aulas ser\u00e3o ministradas por professores do Curso Pr\u00e9-Vestibular Z\u00eanite, parceiros do projeto.<\/span><\/p>\n","protected":false},"excerpt":{"rendered":"<p>A Prefeitura de Vit\u00f3ria da Conquista, por meio da Coordena\u00e7\u00e3o da Juventude, est\u00e1 promovendo o projeto \u201c\u00c9 hora do Enem\u201d, com aul\u00f5es gratuitos de revis\u00e3o e abertos para todas as pessoas que ir\u00e3o fazer as provas do Exame Nacional do Ensino M\u00e9dio, que come\u00e7am a partir do pr\u00f3ximo domingo (3). O primeiro aul\u00e3o ser\u00e1 nesta [&hellip;]<\/p>\n","protected":false},"author":3,"featured_media":47569,"comment_status":"open","ping_status":"open","sticky":false,"template":"","format":"standard","meta":[],"categories":[7,1],"tags":[],"_links":{"self":[{"href":"https:\/\/www.blogdomassinha.com.br\/v1\/wp-json\/wp\/v2\/posts\/47568"}],"collection":[{"href":"https:\/\/www.blogdomassinha.com.br\/v1\/wp-json\/wp\/v2\/posts"}],"about":[{"href":"https:\/\/www.blogdomassinha.com.br\/v1\/wp-json\/wp\/v2\/types\/post"}],"author":[{"embeddable":true,"href":"https:\/\/www.blogdomassinha.com.br\/v1\/wp-json\/wp\/v2\/users\/3"}],"replies":[{"embeddable":true,"href":"https:\/\/www.blogdomassinha.com.br\/v1\/wp-json\/wp\/v2\/comments?post=47568"}],"version-history":[{"count":1,"href":"https:\/\/www.blogdomassinha.com.br\/v1\/wp-json\/wp\/v2\/posts\/47568\/revisions"}],"predecessor-version":[{"id":47570,"href":"https:\/\/www.blogdomassinha.com.br\/v1\/wp-json\/wp\/v2\/posts\/47568\/revisions\/47570"}],"wp:featuredmedia":[{"embeddable":true,"href":"https:\/\/www.blogdomassinha.com.br\/v1\/wp-json\/wp\/v2\/media\/47569"}],"wp:attachment":[{"href":"https:\/\/www.blogdomassinha.com.br\/v1\/wp-json\/wp\/v2\/media?parent=47568"}],"wp:term":[{"taxonomy":"category","embeddable":true,"href":"https:\/\/www.blogdomassinha.com.br\/v1\/wp-json\/wp\/v2\/categories?post=47568"},{"taxonomy":"post_tag","embeddable":true,"href":"https:\/\/www.blogdomassinha.com.br\/v1\/wp-json\/wp\/v2\/tags?post=47568"}],"curies":[{"name":"wp","href":"https:\/\/api.w.org\/{rel}","templated":true}]}}