{"id":4749,"date":"2016-09-07T16:09:06","date_gmt":"2016-09-07T19:09:06","guid":{"rendered":"http:\/\/www.blogdomassinha.com.br\/v1\/?p=4749"},"modified":"2016-09-08T12:15:38","modified_gmt":"2016-09-08T15:15:38","slug":"desfile-de-07-de-setembro-reune-milhares-de-pessoas-em-vitoria-da-conquista","status":"publish","type":"post","link":"https:\/\/www.blogdomassinha.com.br\/v1\/2016\/09\/07\/desfile-de-07-de-setembro-reune-milhares-de-pessoas-em-vitoria-da-conquista\/","title":{"rendered":"Desfile de 07 de setembro re\u00fane milhares de pessoas em Vit\u00f3ria da Conquista"},"content":{"rendered":"<div id=\"attachment_4767\" style=\"width: 510px\" class=\"wp-caption aligncenter\"><a href=\"http:\/\/www.blogdomassinha.com.br\/v1\/wp-content\/uploads\/2016\/09\/004.jpg\" class=\"gallery_colorbox\"><img aria-describedby=\"caption-attachment-4767\" loading=\"lazy\" class=\"wp-image-4767\" src=\"http:\/\/www.blogdomassinha.com.br\/v1\/wp-content\/uploads\/2016\/09\/004.jpg\"  alt=\"004\" width=\"500\" height=\"332\" srcset=\"https:\/\/www.blogdomassinha.com.br\/v1\/wp-content\/uploads\/2016\/09\/004.jpg 960w, https:\/\/www.blogdomassinha.com.br\/v1\/wp-content\/uploads\/2016\/09\/004-300x199.jpg 300w\" sizes=\"(max-width: 500px) 100vw, 500px\" \/><\/a><p id=\"caption-attachment-4767\" class=\"wp-caption-text\"><strong>Foto: Celso Rios<\/strong><\/p><\/div>\n<p style=\"text-align: justify;\"><strong>Por Celso Rios<\/strong><\/p>\n<p style=\"text-align: justify;\">Na manh\u00e3 dessa quarta-feira (07), em Vit\u00f3ria da Conquista, aconteceu o desfile em comemora\u00e7\u00e3o ao Dia da Independ\u00eancia do Brasil. Um grande p\u00fablico se reuniu no entorno das Avenidas Brumado e Integra\u00e7\u00e3o para acompanhar o ato c\u00edvico.<\/p>\n<p style=\"text-align: justify;\">Um bel\u00edssimo momento de exercer a cidadania e mostrar al\u00e9m de amor a p\u00e1tria, reflex\u00f5es e mensagens para o p\u00fablico presente. Foi o que aconteceu com alguns manifestos, a\u00e7\u00f5es de evangeliza\u00e7\u00f5es e at\u00e9 mesmo com as escolas que demonstravam a aten\u00e7\u00e3o com meio ambiente, cidadania e respeito \u00e0s figuras ilustres, que colaboraram para o crescimento da terceira maior cidade da Bahia.<!--more--><\/p>\n<p style=\"text-align: justify;\">Momento de muita beleza por conta das apresenta\u00e7\u00f5es dos diversos segmentos, dentre eles, as Companhias de Pol\u00edcia, SAMU e tamb\u00e9m pelas surpresas e belas ornamenta\u00e7\u00f5es dos estudantes de diversos col\u00e9gios, como o Centro Integrado de Educa\u00e7\u00e3o Navarro de Brito (CIENB), o Col\u00e9gio Fernando Sp\u00ednola e o Instituto de Educa\u00e7\u00e3o Euclides Dantas (IEED).<\/p>\n\n\t\t<style type=\"text\/css\">\n\t\t\t#gallery-1 {\n\t\t\t\tmargin: auto;\n\t\t\t}\n\t\t\t#gallery-1 .gallery-item {\n\t\t\t\tfloat: left;\n\t\t\t\tmargin-top: 10px;\n\t\t\t\ttext-align: center;\n\t\t\t\twidth: 33%;\n\t\t\t}\n\t\t\t#gallery-1 img {\n\t\t\t\tborder: 2px solid #cfcfcf;\n\t\t\t}\n\t\t\t#gallery-1 .gallery-caption {\n\t\t\t\tmargin-left: 0;\n\t\t\t}\n\t\t\t\/* see gallery_shortcode() in wp-includes\/media.php *\/\n\t\t<\/style>\n\t\t<div id='gallery-1' class='gallery galleryid-4749 gallery-columns-3 gallery-size-thumbnail'><dl class='gallery-item'>\n\t\t\t<dt class='gallery-icon landscape'>\n\t\t\t\t<a href=\"https:\/\/www.blogdomassinha.com.br\/v1\/wp-content\/uploads\/2016\/09\/0011.jpg\" class=\"gallery_colorbox\"><img width=\"150\" height=\"150\" src=\"https:\/\/www.blogdomassinha.com.br\/v1\/wp-content\/uploads\/2016\/09\/0011-150x150.jpg\"  class=\"attachment-thumbnail size-thumbnail\" alt=\"\" loading=\"lazy\" aria-describedby=\"gallery-1-4768\" \/><\/a>\n\t\t\t<\/dt>\n\t\t\t\t<dd class='wp-caption-text gallery-caption' id='gallery-1-4768'>\n\t\t\t\tFoto: Celso Rios\n\t\t\t\t<\/dd><\/dl><dl class='gallery-item'>\n\t\t\t<dt class='gallery-icon landscape'>\n\t\t\t\t<a href=\"https:\/\/www.blogdomassinha.com.br\/v1\/wp-content\/uploads\/2016\/09\/0021.jpg\" class=\"gallery_colorbox\"><img width=\"150\" height=\"150\" src=\"https:\/\/www.blogdomassinha.com.br\/v1\/wp-content\/uploads\/2016\/09\/0021-150x150.jpg\"  class=\"attachment-thumbnail size-thumbnail\" alt=\"\" loading=\"lazy\" aria-describedby=\"gallery-1-4769\" \/><\/a>\n\t\t\t<\/dt>\n\t\t\t\t<dd class='wp-caption-text gallery-caption' id='gallery-1-4769'>\n\t\t\t\tFoto: Celso Rios\n\t\t\t\t<\/dd><\/dl><dl class='gallery-item'>\n\t\t\t<dt class='gallery-icon portrait'>\n\t\t\t\t<a href=\"https:\/\/www.blogdomassinha.com.br\/v1\/wp-content\/uploads\/2016\/09\/0031.jpg\" class=\"gallery_colorbox\"><img width=\"150\" height=\"150\" src=\"https:\/\/www.blogdomassinha.com.br\/v1\/wp-content\/uploads\/2016\/09\/0031-150x150.jpg\"  class=\"attachment-thumbnail size-thumbnail\" alt=\"\" loading=\"lazy\" aria-describedby=\"gallery-1-4770\" \/><\/a>\n\t\t\t<\/dt>\n\t\t\t\t<dd class='wp-caption-text gallery-caption' id='gallery-1-4770'>\n\t\t\t\tFoto: Celso Rios\n\t\t\t\t<\/dd><\/dl><br style=\"clear: both\" \/><dl class='gallery-item'>\n\t\t\t<dt class='gallery-icon landscape'>\n\t\t\t\t<a href=\"https:\/\/www.blogdomassinha.com.br\/v1\/wp-content\/uploads\/2016\/09\/005.jpg\" class=\"gallery_colorbox\"><img width=\"150\" height=\"150\" src=\"https:\/\/www.blogdomassinha.com.br\/v1\/wp-content\/uploads\/2016\/09\/005-150x150.jpg\"  class=\"attachment-thumbnail size-thumbnail\" alt=\"\" loading=\"lazy\" aria-describedby=\"gallery-1-4771\" \/><\/a>\n\t\t\t<\/dt>\n\t\t\t\t<dd class='wp-caption-text gallery-caption' id='gallery-1-4771'>\n\t\t\t\tFoto: Celso Rios\n\t\t\t\t<\/dd><\/dl>\n\t\t\t<br style='clear: both' \/>\n\t\t<\/div>\n\n","protected":false},"excerpt":{"rendered":"<p>Por Celso Rios Na manh\u00e3 dessa quarta-feira (07), em Vit\u00f3ria da Conquista, aconteceu o desfile em comemora\u00e7\u00e3o ao Dia da Independ\u00eancia do Brasil. Um grande p\u00fablico se reuniu no entorno das Avenidas Brumado e Integra\u00e7\u00e3o para acompanhar o ato c\u00edvico. Um bel\u00edssimo momento de exercer a cidadania e mostrar al\u00e9m de amor a p\u00e1tria, reflex\u00f5es [&hellip;]<\/p>\n","protected":false},"author":3,"featured_media":4771,"comment_status":"open","ping_status":"open","sticky":false,"template":"","format":"standard","meta":[],"categories":[7,3],"tags":[902,60,903,904,15],"_links":{"self":[{"href":"https:\/\/www.blogdomassinha.com.br\/v1\/wp-json\/wp\/v2\/posts\/4749"}],"collection":[{"href":"https:\/\/www.blogdomassinha.com.br\/v1\/wp-json\/wp\/v2\/posts"}],"about":[{"href":"https:\/\/www.blogdomassinha.com.br\/v1\/wp-json\/wp\/v2\/types\/post"}],"author":[{"embeddable":true,"href":"https:\/\/www.blogdomassinha.com.br\/v1\/wp-json\/wp\/v2\/users\/3"}],"replies":[{"embeddable":true,"href":"https:\/\/www.blogdomassinha.com.br\/v1\/wp-json\/wp\/v2\/comments?post=4749"}],"version-history":[{"count":1,"href":"https:\/\/www.blogdomassinha.com.br\/v1\/wp-json\/wp\/v2\/posts\/4749\/revisions"}],"predecessor-version":[{"id":4772,"href":"https:\/\/www.blogdomassinha.com.br\/v1\/wp-json\/wp\/v2\/posts\/4749\/revisions\/4772"}],"wp:featuredmedia":[{"embeddable":true,"href":"https:\/\/www.blogdomassinha.com.br\/v1\/wp-json\/wp\/v2\/media\/4771"}],"wp:attachment":[{"href":"https:\/\/www.blogdomassinha.com.br\/v1\/wp-json\/wp\/v2\/media?parent=4749"}],"wp:term":[{"taxonomy":"category","embeddable":true,"href":"https:\/\/www.blogdomassinha.com.br\/v1\/wp-json\/wp\/v2\/categories?post=4749"},{"taxonomy":"post_tag","embeddable":true,"href":"https:\/\/www.blogdomassinha.com.br\/v1\/wp-json\/wp\/v2\/tags?post=4749"}],"curies":[{"name":"wp","href":"https:\/\/api.w.org\/{rel}","templated":true}]}}