{"id":4715,"date":"2016-09-02T11:14:04","date_gmt":"2016-09-02T14:14:04","guid":{"rendered":"http:\/\/www.blogdomassinha.com.br\/v1\/?p=4715"},"modified":"2016-09-02T11:14:04","modified_gmt":"2016-09-02T14:14:04","slug":"tv-veja-como-foi-a-visita-de-ivete-sangalo-no-programa-mais-voce-assista","status":"publish","type":"post","link":"https:\/\/www.blogdomassinha.com.br\/v1\/2016\/09\/02\/tv-veja-como-foi-a-visita-de-ivete-sangalo-no-programa-mais-voce-assista\/","title":{"rendered":"TV: Veja como foi a visita de Ivete Sangalo no Programa Mais Voc\u00ea; assista"},"content":{"rendered":"<div id=\"attachment_4716\" style=\"width: 510px\" class=\"wp-caption aligncenter\"><a href=\"http:\/\/www.blogdomassinha.com.br\/v1\/wp-content\/uploads\/2016\/09\/ivete-no-mv.jpg\" class=\"gallery_colorbox\"><img aria-describedby=\"caption-attachment-4716\" loading=\"lazy\" class=\"wp-image-4716\" src=\"http:\/\/www.blogdomassinha.com.br\/v1\/wp-content\/uploads\/2016\/09\/ivete-no-mv.jpg\"  alt=\"ivete-no-mv\" width=\"500\" height=\"414\" srcset=\"https:\/\/www.blogdomassinha.com.br\/v1\/wp-content\/uploads\/2016\/09\/ivete-no-mv.jpg 690w, https:\/\/www.blogdomassinha.com.br\/v1\/wp-content\/uploads\/2016\/09\/ivete-no-mv-300x248.jpg 300w\" sizes=\"(max-width: 500px) 100vw, 500px\" \/><\/a><p id=\"caption-attachment-4716\" class=\"wp-caption-text\">Foto: Reprodu\u00e7\u00e3o \/ Rede Globo<\/p><\/div>\n<p>Nesta sexta-feira (02), no Programa Mais Voc\u00ea, da Rede Globo, a apresentadora Ana Maria Braga recebeu a ilustre presen\u00e7a do furac\u00e3o baiano, Ivete Sangalo. A artista tomou caf\u00e9 com\u00a0a\u00a0apresentadora e falou dentre outros assuntos, de fam\u00edlia, carreira e de seu mais novo DVD, gravado em Trancoso, no sul da Bahia.<\/p>\n<p>Veveta, como carinhosamente \u00e9 chamada por f\u00e3s e amigos, tem 23 anos de carreira, gravou mais de 300 can\u00e7\u00f5es, vendeu mais de 15 milh\u00f5es de discos, ganhou mais de 150 pr\u00eamios nacionais e venceu por 3 vezes o Grammy Latino.<\/p>\n<p><strong><a href=\"http:\/\/gshow.globo.com\/programas\/mais-voce\/videos\/t\/para-assinantes\/v\/mais-voce-programa-de-sexta-feira-02092016-na-integra\/5277750\/\">Veja como foi a participa\u00e7\u00e3o de Ivete no Programa Mais Voc\u00ea<\/a><\/strong><\/p>\n<p>&nbsp;<\/p>\n","protected":false},"excerpt":{"rendered":"<p>Nesta sexta-feira (02), no Programa Mais Voc\u00ea, da Rede Globo, a apresentadora Ana Maria Braga recebeu a ilustre presen\u00e7a do furac\u00e3o baiano, Ivete Sangalo. A artista tomou caf\u00e9 com\u00a0a\u00a0apresentadora e falou dentre outros assuntos, de fam\u00edlia, carreira e de seu mais novo DVD, gravado em Trancoso, no sul da Bahia. Veveta, como carinhosamente \u00e9 chamada [&hellip;]<\/p>\n","protected":false},"author":3,"featured_media":4716,"comment_status":"open","ping_status":"open","sticky":false,"template":"","format":"standard","meta":[],"categories":[7,3],"tags":[872,79,871,873,81],"_links":{"self":[{"href":"https:\/\/www.blogdomassinha.com.br\/v1\/wp-json\/wp\/v2\/posts\/4715"}],"collection":[{"href":"https:\/\/www.blogdomassinha.com.br\/v1\/wp-json\/wp\/v2\/posts"}],"about":[{"href":"https:\/\/www.blogdomassinha.com.br\/v1\/wp-json\/wp\/v2\/types\/post"}],"author":[{"embeddable":true,"href":"https:\/\/www.blogdomassinha.com.br\/v1\/wp-json\/wp\/v2\/users\/3"}],"replies":[{"embeddable":true,"href":"https:\/\/www.blogdomassinha.com.br\/v1\/wp-json\/wp\/v2\/comments?post=4715"}],"version-history":[{"count":1,"href":"https:\/\/www.blogdomassinha.com.br\/v1\/wp-json\/wp\/v2\/posts\/4715\/revisions"}],"predecessor-version":[{"id":4717,"href":"https:\/\/www.blogdomassinha.com.br\/v1\/wp-json\/wp\/v2\/posts\/4715\/revisions\/4717"}],"wp:featuredmedia":[{"embeddable":true,"href":"https:\/\/www.blogdomassinha.com.br\/v1\/wp-json\/wp\/v2\/media\/4716"}],"wp:attachment":[{"href":"https:\/\/www.blogdomassinha.com.br\/v1\/wp-json\/wp\/v2\/media?parent=4715"}],"wp:term":[{"taxonomy":"category","embeddable":true,"href":"https:\/\/www.blogdomassinha.com.br\/v1\/wp-json\/wp\/v2\/categories?post=4715"},{"taxonomy":"post_tag","embeddable":true,"href":"https:\/\/www.blogdomassinha.com.br\/v1\/wp-json\/wp\/v2\/tags?post=4715"}],"curies":[{"name":"wp","href":"https:\/\/api.w.org\/{rel}","templated":true}]}}