{"id":46627,"date":"2024-09-11T09:26:10","date_gmt":"2024-09-11T12:26:10","guid":{"rendered":"https:\/\/www.blogdomassinha.com.br\/v1\/?p=46627"},"modified":"2024-09-11T09:26:10","modified_gmt":"2024-09-11T12:26:10","slug":"agenda-dos-candidatos-dia-11-09-2024","status":"publish","type":"post","link":"https:\/\/www.blogdomassinha.com.br\/v1\/2024\/09\/11\/agenda-dos-candidatos-dia-11-09-2024\/","title":{"rendered":"Agenda dos Candidatos &#8211; Dia 11\/09\/2024"},"content":{"rendered":"<p><img loading=\"lazy\" class=\"size-medium wp-image-46295 alignleft\" src=\"https:\/\/www.blogdomassinha.com.br\/v1\/wp-content\/uploads\/2024\/08\/IMG_0716-300x300.jpeg\" alt=\"\" width=\"300\" height=\"300\" srcset=\"https:\/\/www.blogdomassinha.com.br\/v1\/wp-content\/uploads\/2024\/08\/IMG_0716-300x300.jpeg 300w, https:\/\/www.blogdomassinha.com.br\/v1\/wp-content\/uploads\/2024\/08\/IMG_0716-150x150.jpeg 150w, https:\/\/www.blogdomassinha.com.br\/v1\/wp-content\/uploads\/2024\/08\/IMG_0716.jpeg 499w\" sizes=\"(max-width: 300px) 100vw, 300px\" \/><\/p>\n<p class=\"p1\"><strong><span class=\"s1\">Agenda da candidata Sheila Lemos<\/span><\/strong><\/p>\n<p class=\"p1\"><span class=\"s1\">MANH\u00c3<\/span><\/p>\n<p class=\"p1\"><span class=\"s1\">8h: Reuni\u00e3o com os pastores<\/span><\/p>\n<p class=\"p1\"><span class=\"s1\">10h: Despachos administrativos<\/span><\/p>\n<p class=\"p1\"><span class=\"s1\">Local: Gabinete da Prefeita &#8211; Centro <\/span><\/p>\n<p class=\"p1\"><span class=\"s1\">TARDE<\/span><\/p>\n<p class=\"p1\"><span class=\"s1\">15h: Visitas <\/span><\/p>\n<p class=\"p1\"><span class=\"s1\">16h: Reuni\u00e3o com a candidata Livia<\/span><\/p>\n<p class=\"p1\"><span class=\"s1\">17h44: Caravana no bairro Primavera<\/span><\/p>\n<p class=\"p1\"><span class=\"s1\">NOITE<\/span><\/p>\n<p class=\"p1\"><span class=\"s1\">20h: Reuni\u00e3o das mulheres com a prefeita e Irma Lemos<\/span><\/p>\n<hr \/>\n<p class=\"p1\"><strong><span class=\"s1\">Agenda do Candidato Waldenor <\/span><\/strong><\/p>\n<p class=\"p1\"><span class=\"s1\">Manh\u00e3<\/span><\/p>\n<p class=\"p1\"><span class=\"s1\">Grava\u00e7\u00e3o para programa eleitoral <\/span><\/p>\n<p class=\"p1\"><span class=\"s1\">Caminhada no Mercad\u00e3o do Bairro Brasil<\/span><\/p>\n<p class=\"p1\"><span class=\"s1\">Tarde<\/span><\/p>\n<p class=\"p1\"><span class=\"s1\">Carreata no bairro Bruno Bacelar<\/span><\/p>\n","protected":false},"excerpt":{"rendered":"<p>Agenda da candidata Sheila Lemos MANH\u00c3 8h: Reuni\u00e3o com os pastores 10h: Despachos administrativos Local: Gabinete da Prefeita &#8211; Centro TARDE 15h: Visitas 16h: Reuni\u00e3o com a candidata Livia 17h44: Caravana no bairro Primavera NOITE 20h: Reuni\u00e3o das mulheres com a prefeita e Irma Lemos Agenda do Candidato Waldenor Manh\u00e3 Grava\u00e7\u00e3o para programa eleitoral Caminhada [&hellip;]<\/p>\n","protected":false},"author":3,"featured_media":46295,"comment_status":"open","ping_status":"open","sticky":false,"template":"","format":"standard","meta":[],"categories":[7,2],"tags":[],"_links":{"self":[{"href":"https:\/\/www.blogdomassinha.com.br\/v1\/wp-json\/wp\/v2\/posts\/46627"}],"collection":[{"href":"https:\/\/www.blogdomassinha.com.br\/v1\/wp-json\/wp\/v2\/posts"}],"about":[{"href":"https:\/\/www.blogdomassinha.com.br\/v1\/wp-json\/wp\/v2\/types\/post"}],"author":[{"embeddable":true,"href":"https:\/\/www.blogdomassinha.com.br\/v1\/wp-json\/wp\/v2\/users\/3"}],"replies":[{"embeddable":true,"href":"https:\/\/www.blogdomassinha.com.br\/v1\/wp-json\/wp\/v2\/comments?post=46627"}],"version-history":[{"count":1,"href":"https:\/\/www.blogdomassinha.com.br\/v1\/wp-json\/wp\/v2\/posts\/46627\/revisions"}],"predecessor-version":[{"id":46628,"href":"https:\/\/www.blogdomassinha.com.br\/v1\/wp-json\/wp\/v2\/posts\/46627\/revisions\/46628"}],"wp:featuredmedia":[{"embeddable":true,"href":"https:\/\/www.blogdomassinha.com.br\/v1\/wp-json\/wp\/v2\/media\/46295"}],"wp:attachment":[{"href":"https:\/\/www.blogdomassinha.com.br\/v1\/wp-json\/wp\/v2\/media?parent=46627"}],"wp:term":[{"taxonomy":"category","embeddable":true,"href":"https:\/\/www.blogdomassinha.com.br\/v1\/wp-json\/wp\/v2\/categories?post=46627"},{"taxonomy":"post_tag","embeddable":true,"href":"https:\/\/www.blogdomassinha.com.br\/v1\/wp-json\/wp\/v2\/tags?post=46627"}],"curies":[{"name":"wp","href":"https:\/\/api.w.org\/{rel}","templated":true}]}}