{"id":46056,"date":"2024-07-30T20:24:57","date_gmt":"2024-07-30T23:24:57","guid":{"rendered":"https:\/\/www.blogdomassinha.com.br\/v1\/?p=46056"},"modified":"2024-07-30T20:24:57","modified_gmt":"2024-07-30T23:24:57","slug":"waldenor-e-luciana-serao-confirmados-candidatos-neste-sabado-dia-3-no-centro-integrado","status":"publish","type":"post","link":"https:\/\/www.blogdomassinha.com.br\/v1\/2024\/07\/30\/waldenor-e-luciana-serao-confirmados-candidatos-neste-sabado-dia-3-no-centro-integrado\/","title":{"rendered":"Waldenor e Luciana ser\u00e3o confirmados candidatos neste s\u00e1bado, dia 3, no Centro Integrado."},"content":{"rendered":"<p class=\"p1\"><span class=\"s1\"><img loading=\"lazy\" class=\"alignright size-medium wp-image-46057\" src=\"https:\/\/www.blogdomassinha.com.br\/v1\/wp-content\/uploads\/2024\/07\/IMG_0436-300x300.jpeg\" alt=\"\" width=\"300\" height=\"300\" srcset=\"https:\/\/www.blogdomassinha.com.br\/v1\/wp-content\/uploads\/2024\/07\/IMG_0436-300x300.jpeg 300w, https:\/\/www.blogdomassinha.com.br\/v1\/wp-content\/uploads\/2024\/07\/IMG_0436-150x150.jpeg 150w, https:\/\/www.blogdomassinha.com.br\/v1\/wp-content\/uploads\/2024\/07\/IMG_0436.jpeg 500w\" sizes=\"(max-width: 300px) 100vw, 300px\" \/><br \/>\nNeste s\u00e1bado, dia 3, haver\u00e1 mais uma conven\u00e7\u00e3o para confirmar os candidatos \u00e0 prefeitura de Vit\u00f3ria da Conquista. Desta vez, ser\u00e1 a conven\u00e7\u00e3o do Partido dos Trabalhadores (PT) e do Partido Socialista Brasileiro (PSB), que, juntamente com o PCdoB, PSD, PV, REDE e PSOL, formam uma alian\u00e7a partid\u00e1ria. Essa coalis\u00e3o tem como objetivo eleger o deputado Waldenor Pereira como prefeito e a advogada Luciana Silva como vice-prefeita de Vit\u00f3ria da Conquista.<\/span><\/p>\n<p class=\"p1\"><span class=\"s1\">Segue um release dos dois candidatos:<\/span><\/p>\n<p class=\"p1\"><strong><span class=\"s1\">Waldenor e Luciana: uma conven\u00e7\u00e3o pra fazer hist\u00f3ria<\/span><\/strong><\/p>\n<p class=\"p1\"><em><span class=\"s1\">Pr\u00e9-candidatos a prefeito e vice-prefeita destacam que o time tem a for\u00e7a pra mudar Vit\u00f3ria da Conquista.<\/span><\/em><\/p>\n<p class=\"p1\"><span class=\"s1\">No pr\u00f3ximo dia 03 de agosto, na conven\u00e7\u00e3o dos partidos que comp\u00f5em a Frente Uni\u00e3o <\/span>e Reconstru\u00e7\u00e3o por Conquista (PT, PCdoB, PSB, PV, Psol, PSD e Rede), o deputado federal Waldenor Pereira (PT) e a advogada Luciana Silva (PSB) ter\u00e3o seus nomes confirmados como candidatos a prefeito e vice-prefeita de Vit\u00f3ria da Conquista. A expectativa \u00e9 de que a conven\u00e7\u00e3o seja um marco de demonstra\u00e7\u00e3o da for\u00e7a dessa uni\u00e3o.<\/p>\n<p class=\"p1\"><span class=\"s1\">\u201cEm nossa pr\u00e9-campanha, fizemos 30 plen\u00e1rias ouvindo gente de todos os cantos da cidade e distritos. Tamb\u00e9m estivemos com lideran\u00e7as femininas, rurais, religiosas e estudantis, educadores, empres\u00e1rios e representantes da seguran\u00e7a p\u00fablica. Ainda <\/span>temos di\u00e1logos com as universidades, assist\u00eancia social, cultura, esporte e lazer.<!--more--><\/p>\n<p class=\"p1\"><span class=\"s1\">Nossa conven\u00e7\u00e3o ter\u00e1 o DNA e a motiva\u00e7\u00e3o de todos aqueles que participam do projeto, <\/span>carimbando o in\u00edcio da nossa candidatura e renovando o esp\u00edrito de luta de quem quer essa mudan\u00e7a\u201d, comenta Luciana.<\/p>\n<p class=\"p1\"><span class=\"s1\">\u201cTemos do nosso lado o presidente Lula, o ministro Rui Costa, os senadores Jaques <\/span>Wagner e Otto Alencar e o governador Jer\u00f4nimo. E ainda, os ex-prefeitos Guilherme Menezes e Jos\u00e9 Raimundo, al\u00e9m do deputado estadual Fabr\u00edcio (PCdoB). Nosso time tem a for\u00e7a pra fazer a mudan\u00e7a que Conquista precisa. E na conven\u00e7\u00e3o, vamos deixar isso ainda mais claro\u201d, define Waldenor, que complementa: \u201cEstamos prontos pra devolver ao munic\u00edpio o orgulho de ter uma administra\u00e7\u00e3o p\u00fablica que olha por quem mais precisa e que saiba cuidar das pessoas\u201d.<\/p>\n<p class=\"p1\"><span class=\"s1\">A conven\u00e7\u00e3o conjunta dos partidos que comp\u00f5em a Frente Uni\u00e3o e Reconstru\u00e7\u00e3o por Conquista est\u00e1 marcada para as 10h deste s\u00e1bado, no Cieb \u2013 antigo Centro Integrado, na av. Frei Benjamin, bairro Brasil (Zona Oeste).<\/span><\/p>\n","protected":false},"excerpt":{"rendered":"<p>Neste s\u00e1bado, dia 3, haver\u00e1 mais uma conven\u00e7\u00e3o para confirmar os candidatos \u00e0 prefeitura de Vit\u00f3ria da Conquista. Desta vez, ser\u00e1 a conven\u00e7\u00e3o do Partido dos Trabalhadores (PT) e do Partido Socialista Brasileiro (PSB), que, juntamente com o PCdoB, PSD, PV, REDE e PSOL, formam uma alian\u00e7a partid\u00e1ria. Essa coalis\u00e3o tem como objetivo eleger o [&hellip;]<\/p>\n","protected":false},"author":3,"featured_media":46057,"comment_status":"open","ping_status":"open","sticky":false,"template":"","format":"standard","meta":[],"categories":[7,2],"tags":[],"_links":{"self":[{"href":"https:\/\/www.blogdomassinha.com.br\/v1\/wp-json\/wp\/v2\/posts\/46056"}],"collection":[{"href":"https:\/\/www.blogdomassinha.com.br\/v1\/wp-json\/wp\/v2\/posts"}],"about":[{"href":"https:\/\/www.blogdomassinha.com.br\/v1\/wp-json\/wp\/v2\/types\/post"}],"author":[{"embeddable":true,"href":"https:\/\/www.blogdomassinha.com.br\/v1\/wp-json\/wp\/v2\/users\/3"}],"replies":[{"embeddable":true,"href":"https:\/\/www.blogdomassinha.com.br\/v1\/wp-json\/wp\/v2\/comments?post=46056"}],"version-history":[{"count":1,"href":"https:\/\/www.blogdomassinha.com.br\/v1\/wp-json\/wp\/v2\/posts\/46056\/revisions"}],"predecessor-version":[{"id":46058,"href":"https:\/\/www.blogdomassinha.com.br\/v1\/wp-json\/wp\/v2\/posts\/46056\/revisions\/46058"}],"wp:featuredmedia":[{"embeddable":true,"href":"https:\/\/www.blogdomassinha.com.br\/v1\/wp-json\/wp\/v2\/media\/46057"}],"wp:attachment":[{"href":"https:\/\/www.blogdomassinha.com.br\/v1\/wp-json\/wp\/v2\/media?parent=46056"}],"wp:term":[{"taxonomy":"category","embeddable":true,"href":"https:\/\/www.blogdomassinha.com.br\/v1\/wp-json\/wp\/v2\/categories?post=46056"},{"taxonomy":"post_tag","embeddable":true,"href":"https:\/\/www.blogdomassinha.com.br\/v1\/wp-json\/wp\/v2\/tags?post=46056"}],"curies":[{"name":"wp","href":"https:\/\/api.w.org\/{rel}","templated":true}]}}