{"id":46052,"date":"2024-07-30T13:35:08","date_gmt":"2024-07-30T16:35:08","guid":{"rendered":"https:\/\/www.blogdomassinha.com.br\/v1\/?p=46052"},"modified":"2024-07-30T13:35:08","modified_gmt":"2024-07-30T16:35:08","slug":"acm-neto-reage-ao-posicionamento-do-pt-em-relacao-a-eleicao-na-venezuela","status":"publish","type":"post","link":"https:\/\/www.blogdomassinha.com.br\/v1\/2024\/07\/30\/acm-neto-reage-ao-posicionamento-do-pt-em-relacao-a-eleicao-na-venezuela\/","title":{"rendered":"ACM Neto reage ao posicionamento do PT em rela\u00e7\u00e3o \u00e0 elei\u00e7\u00e3o na Venezuela."},"content":{"rendered":"<p class=\"p1\"><span class=\"s1\"><img loading=\"lazy\" class=\"size-medium wp-image-46053 alignleft\" src=\"https:\/\/www.blogdomassinha.com.br\/v1\/wp-content\/uploads\/2024\/07\/IMG_0431-300x300.jpeg\" alt=\"\" width=\"300\" height=\"300\" srcset=\"https:\/\/www.blogdomassinha.com.br\/v1\/wp-content\/uploads\/2024\/07\/IMG_0431-300x300.jpeg 300w, https:\/\/www.blogdomassinha.com.br\/v1\/wp-content\/uploads\/2024\/07\/IMG_0431-150x150.jpeg 150w, https:\/\/www.blogdomassinha.com.br\/v1\/wp-content\/uploads\/2024\/07\/IMG_0431.jpeg 500w\" sizes=\"(max-width: 300px) 100vw, 300px\" \/><br \/>\nH\u00e1 quem diga que o ex-prefeito de Salvador e vice-presidente nacional do Uni\u00e3o Brasil, ACM Neto, seria um petista &#8220;enrustido&#8221; \u2014 desculpem pela palavra \u2014 tudo isso porque ele dialoga com membros do governo Lula e, em algumas ocasi\u00f5es, chega a elogiar posi\u00e7\u00f5es do presidente da Rep\u00fablica. S\u00f3 que, em tempos de polariza\u00e7\u00e3o, n\u00e3o se admitem posi\u00e7\u00f5es &#8220;d\u00fabias&#8221;, pelo menos \u00e9 assim que alguns setores entendem que deve ser. Mas ser\u00e1 que deve ser assim mesmo, ou h\u00e1 lugar para o republicanismo, para conversas, di\u00e1logos?<\/span><\/p>\n<p class=\"p1\"><span class=\"s1\">Neto, vez por outra, tem se explicado por que n\u00e3o defendeu o nome de Bolsonaro no segundo turno da elei\u00e7\u00e3o passada, em que perdeu a disputa pelo governo do estado para Jer\u00f4nimo Rodrigues.<\/span><\/p>\n<p class=\"p1\"><span class=\"s1\">Sobre conversas, entendimentos, diplomacia, aqui mesmo em Conquista vimos um ato de extrema intelig\u00eancia ao mostrar que a pr\u00e1tica de radicalismo nem sempre \u00e9 boa para o coletivo. Estamos falando da realiza\u00e7\u00e3o da Exposi\u00e7\u00e3o Agropecu\u00e1ria, quando o presidente Isac Figueira e sua diretoria buscaram o apoio da prefeitura municipal e do governo do estado para trazer de volta essa grande festa que tanta falta fez a toda cidade. De um lado, a prefeita Sheila; do outro, o governador Jer\u00f4nimo; no centro, a Coopmac \u2014 portanto, um ato de civilidade.<\/span><\/p>\n<p class=\"p1\"><span class=\"s1\">Ent\u00e3o, nem sempre o brado mais alto ou o sil\u00eancio sepulcral significam romper com os seus princ\u00edpios. E com essa manifesta\u00e7\u00e3o p\u00fablica de ACM Neto, que transcende as fronteiras da Bahia, fica a quest\u00e3o para seus aliados e advers\u00e1rios: qual \u00e9 mesmo a sua posi\u00e7\u00e3o ideol\u00f3gica? Segue o que ele escreveu:<\/span><!--more--><\/p>\n<p class=\"p1\"><strong><span class=\"s1\">ACM Neto condena apoio do PT \u00e0 ditadura venezuelana: \u2018Chancelar o autoritarismo de Maduro \u00e9 uma vergonha internacional\u2019<\/span><\/strong><\/p>\n<p class=\"p1\"><span class=\"s1\">O vice-presidente do Uni\u00e3o Brasil, ACM Neto, criticou a nota oficial da executiva nacional do PT reconhecendo a vit\u00f3ria de Nicol\u00e1s Maduro nas elei\u00e7\u00f5es venezuelanas. Neto questionou a postura do PT e de sua presidente, Gleisi Hoffmann, ao apoiarem o resultado do pleito, que muitos consideram controverso.<\/span><\/p>\n<p class=\"p1\"><span class=\"s1\">\u201cO que esperar do PT depois da nota reconhecendo a fraude na Venezuela? Por que ser\u00e1 que o PT e sua presidente, Gleisi Hoffmann, na contram\u00e3o das democracias mundiais, classificaram como \u2018jornada democr\u00e1tica\u2019 o processo eleitoral que n\u00e3o traduz a vontade da maioria dos venezuelanos?&#8221;, indagou ACM Neto.<\/span><\/p>\n<p class=\"p1\"><span class=\"s1\">Ele ainda destacou a import\u00e2ncia da soberania popular e criticou a legitima\u00e7\u00e3o do regime de Maduro. &#8220;Chancelar o autoritarismo de Maduro \u00e9 uma vergonha internacional e um grande desservi\u00e7o \u00e0 democracia. Nada pode ser maior do que a soberania popular\u201d, afirmou.<\/span><\/p>\n<p class=\"p1\"><span class=\"s1\">Os resultados divulgados pelo \u00f3rg\u00e3o oficial informam que Maduro foi reeleito com 51,2% dos votos, contra 44% do opositor Edmundo Gonz\u00e1lez. A oposi\u00e7\u00e3o, no entanto, afirma que Gonz\u00e1lez venceu com 70%.<\/span><\/p>\n<p class=\"p1\"><span class=\"s1\">&#8220;Importante que o presidente Nicol\u00e1s Maduro, agora reeleito, continue o di\u00e1logo com a oposi\u00e7\u00e3o, no sentido de superar os graves problemas da Venezuela, em grande medida causados por san\u00e7\u00f5es ilegais&#8221;, diz a nota do PT.<\/span><\/p>\n","protected":false},"excerpt":{"rendered":"<p>H\u00e1 quem diga que o ex-prefeito de Salvador e vice-presidente nacional do Uni\u00e3o Brasil, ACM Neto, seria um petista &#8220;enrustido&#8221; \u2014 desculpem pela palavra \u2014 tudo isso porque ele dialoga com membros do governo Lula e, em algumas ocasi\u00f5es, chega a elogiar posi\u00e7\u00f5es do presidente da Rep\u00fablica. S\u00f3 que, em tempos de polariza\u00e7\u00e3o, n\u00e3o se [&hellip;]<\/p>\n","protected":false},"author":3,"featured_media":46053,"comment_status":"open","ping_status":"open","sticky":false,"template":"","format":"standard","meta":[],"categories":[7,2],"tags":[],"_links":{"self":[{"href":"https:\/\/www.blogdomassinha.com.br\/v1\/wp-json\/wp\/v2\/posts\/46052"}],"collection":[{"href":"https:\/\/www.blogdomassinha.com.br\/v1\/wp-json\/wp\/v2\/posts"}],"about":[{"href":"https:\/\/www.blogdomassinha.com.br\/v1\/wp-json\/wp\/v2\/types\/post"}],"author":[{"embeddable":true,"href":"https:\/\/www.blogdomassinha.com.br\/v1\/wp-json\/wp\/v2\/users\/3"}],"replies":[{"embeddable":true,"href":"https:\/\/www.blogdomassinha.com.br\/v1\/wp-json\/wp\/v2\/comments?post=46052"}],"version-history":[{"count":1,"href":"https:\/\/www.blogdomassinha.com.br\/v1\/wp-json\/wp\/v2\/posts\/46052\/revisions"}],"predecessor-version":[{"id":46054,"href":"https:\/\/www.blogdomassinha.com.br\/v1\/wp-json\/wp\/v2\/posts\/46052\/revisions\/46054"}],"wp:featuredmedia":[{"embeddable":true,"href":"https:\/\/www.blogdomassinha.com.br\/v1\/wp-json\/wp\/v2\/media\/46053"}],"wp:attachment":[{"href":"https:\/\/www.blogdomassinha.com.br\/v1\/wp-json\/wp\/v2\/media?parent=46052"}],"wp:term":[{"taxonomy":"category","embeddable":true,"href":"https:\/\/www.blogdomassinha.com.br\/v1\/wp-json\/wp\/v2\/categories?post=46052"},{"taxonomy":"post_tag","embeddable":true,"href":"https:\/\/www.blogdomassinha.com.br\/v1\/wp-json\/wp\/v2\/tags?post=46052"}],"curies":[{"name":"wp","href":"https:\/\/api.w.org\/{rel}","templated":true}]}}