{"id":45937,"date":"2024-07-24T10:16:19","date_gmt":"2024-07-24T13:16:19","guid":{"rendered":"https:\/\/www.blogdomassinha.com.br\/v1\/?p=45937"},"modified":"2024-07-24T10:16:19","modified_gmt":"2024-07-24T13:16:19","slug":"o-partido-avante-lanca-chapa-puro-sangue-em-convencao-partidaria-hoje-dia-24-os-candidatos-sao-dois-advogados-marcos-adriano-e-ariana-mota","status":"publish","type":"post","link":"https:\/\/www.blogdomassinha.com.br\/v1\/2024\/07\/24\/o-partido-avante-lanca-chapa-puro-sangue-em-convencao-partidaria-hoje-dia-24-os-candidatos-sao-dois-advogados-marcos-adriano-e-ariana-mota\/","title":{"rendered":"O partido Avante lan\u00e7a chapa &#8220;puro sangue&#8221; em conven\u00e7\u00e3o partid\u00e1ria hoje, dia 24. Os candidatos s\u00e3o dois advogados: Marcos Adriano e Ariana Mota."},"content":{"rendered":"<p class=\"p1\"><span class=\"s1\"><img loading=\"lazy\" class=\"size-medium wp-image-45938 alignleft\" src=\"https:\/\/www.blogdomassinha.com.br\/v1\/wp-content\/uploads\/2024\/07\/IMG_0356-300x300.jpeg\" alt=\"\" width=\"300\" height=\"300\" srcset=\"https:\/\/www.blogdomassinha.com.br\/v1\/wp-content\/uploads\/2024\/07\/IMG_0356-300x300.jpeg 300w, https:\/\/www.blogdomassinha.com.br\/v1\/wp-content\/uploads\/2024\/07\/IMG_0356-150x150.jpeg 150w, https:\/\/www.blogdomassinha.com.br\/v1\/wp-content\/uploads\/2024\/07\/IMG_0356.jpeg 500w\" sizes=\"(max-width: 300px) 100vw, 300px\" \/><br \/>\nMais uma chapa que disputar\u00e1 a prefeitura de Vit\u00f3ria da Conquista ser\u00e1 homologada hoje, dia 24, por meio de conven\u00e7\u00e3o partid\u00e1ria, com o advogado Marcos Adriano como candidato a prefeito e a tamb\u00e9m advogada e assistente social Ariana Mota como vice. O grande detalhe \u00e9 o ineditismo do caso: ambos os companheiros de chapa s\u00e3o do mesmo partido, o Avante, configurando assim uma chapa &#8220;puro sangue&#8221;. <\/span><\/p>\n<p class=\"p1\"><span class=\"s1\">A decis\u00e3o dos candidatos de concorrerem juntos, apesar de pertencerem \u00e0 mesma sigla, levanta quest\u00f5es. Normalmente, o candidato principal buscaria um vice em outra agremia\u00e7\u00e3o partid\u00e1ria para atrair mais votos. No entanto, essas s\u00e3o quest\u00f5es sobre as quais podemos conjecturar, mas sem afirmar nada, para evitar o risco de dizer o que n\u00e3o sabemos.<\/span><!--more--><\/p>\n<p class=\"p1\"><span class=\"s1\">Marcos Adriano e Ariana Mota come\u00e7am a escrever uma hist\u00f3ria diferente na vida pol\u00edtica de Vit\u00f3ria da Conquista. Em um contexto em que \u00e9 preciso ter muito &#8220;g\u00e1s&#8221;, &#8220;sebo nas canelas&#8221;, &#8220;farinha no saco&#8221; e tempo de TV, eles preferem enfrentar a disputa. Eles sabem que ser\u00e1 uma luta de Davi contra Golias, est\u00e3o cientes de que ser\u00e1 uma &#8220;guerra&#8221;, uma batalha de guerreiros. Existem quatro candidaturas, e ningu\u00e9m pode prever quais armas cada uma possui. Contudo, os dois sabem quais s\u00e3o as suas: o sonho e a vontade. Ser\u00e1 isso suficiente?<\/span><\/p>\n<p class=\"p1\"><span class=\"s1\">A vida \u00e9 feita de desafios, e cabe a cada um de n\u00f3s conhecer nossos limites e riscos. Talvez, hoje, quando discursarem para os convencionais, Marcos e Ariana esclare\u00e7am todas as minhas d\u00favidas. Uma coisa \u00e9 certa: quem caminhou at\u00e9 aqui n\u00e3o vai olhar para tr\u00e1s, seguir\u00e1 em frente, avante.<\/span><\/p>\n","protected":false},"excerpt":{"rendered":"<p>Mais uma chapa que disputar\u00e1 a prefeitura de Vit\u00f3ria da Conquista ser\u00e1 homologada hoje, dia 24, por meio de conven\u00e7\u00e3o partid\u00e1ria, com o advogado Marcos Adriano como candidato a prefeito e a tamb\u00e9m advogada e assistente social Ariana Mota como vice. O grande detalhe \u00e9 o ineditismo do caso: ambos os companheiros de chapa s\u00e3o [&hellip;]<\/p>\n","protected":false},"author":3,"featured_media":45938,"comment_status":"open","ping_status":"open","sticky":false,"template":"","format":"standard","meta":[],"categories":[7,2],"tags":[],"_links":{"self":[{"href":"https:\/\/www.blogdomassinha.com.br\/v1\/wp-json\/wp\/v2\/posts\/45937"}],"collection":[{"href":"https:\/\/www.blogdomassinha.com.br\/v1\/wp-json\/wp\/v2\/posts"}],"about":[{"href":"https:\/\/www.blogdomassinha.com.br\/v1\/wp-json\/wp\/v2\/types\/post"}],"author":[{"embeddable":true,"href":"https:\/\/www.blogdomassinha.com.br\/v1\/wp-json\/wp\/v2\/users\/3"}],"replies":[{"embeddable":true,"href":"https:\/\/www.blogdomassinha.com.br\/v1\/wp-json\/wp\/v2\/comments?post=45937"}],"version-history":[{"count":1,"href":"https:\/\/www.blogdomassinha.com.br\/v1\/wp-json\/wp\/v2\/posts\/45937\/revisions"}],"predecessor-version":[{"id":45939,"href":"https:\/\/www.blogdomassinha.com.br\/v1\/wp-json\/wp\/v2\/posts\/45937\/revisions\/45939"}],"wp:featuredmedia":[{"embeddable":true,"href":"https:\/\/www.blogdomassinha.com.br\/v1\/wp-json\/wp\/v2\/media\/45938"}],"wp:attachment":[{"href":"https:\/\/www.blogdomassinha.com.br\/v1\/wp-json\/wp\/v2\/media?parent=45937"}],"wp:term":[{"taxonomy":"category","embeddable":true,"href":"https:\/\/www.blogdomassinha.com.br\/v1\/wp-json\/wp\/v2\/categories?post=45937"},{"taxonomy":"post_tag","embeddable":true,"href":"https:\/\/www.blogdomassinha.com.br\/v1\/wp-json\/wp\/v2\/tags?post=45937"}],"curies":[{"name":"wp","href":"https:\/\/api.w.org\/{rel}","templated":true}]}}