{"id":45931,"date":"2024-07-23T15:18:47","date_gmt":"2024-07-23T18:18:47","guid":{"rendered":"https:\/\/www.blogdomassinha.com.br\/v1\/?p=45931"},"modified":"2024-07-23T15:18:47","modified_gmt":"2024-07-23T18:18:47","slug":"ginasio-de-esportes-raul-ferraz-a-historia-e-de-muita-luta-e-continua-sao-mais-de-20-anos-fechado-o-proposito-da-administracao-e-reabri-lo","status":"publish","type":"post","link":"https:\/\/www.blogdomassinha.com.br\/v1\/2024\/07\/23\/ginasio-de-esportes-raul-ferraz-a-historia-e-de-muita-luta-e-continua-sao-mais-de-20-anos-fechado-o-proposito-da-administracao-e-reabri-lo\/","title":{"rendered":"Gin\u00e1sio de Esportes Raul Ferraz: a hist\u00f3ria \u00e9 de muita luta. E continua! S\u00e3o mais de 20 anos fechado. O prop\u00f3sito da administra\u00e7\u00e3o \u00e9 reabri-lo."},"content":{"rendered":"<p class=\"p1\"><img loading=\"lazy\" class=\"size-medium wp-image-45932 alignleft\" src=\"https:\/\/www.blogdomassinha.com.br\/v1\/wp-content\/uploads\/2024\/07\/69839cda-cabd-427e-ad60-76476f61a5e4-300x169.jpeg\" alt=\"\" width=\"300\" height=\"169\" srcset=\"https:\/\/www.blogdomassinha.com.br\/v1\/wp-content\/uploads\/2024\/07\/69839cda-cabd-427e-ad60-76476f61a5e4-300x169.jpeg 300w, https:\/\/www.blogdomassinha.com.br\/v1\/wp-content\/uploads\/2024\/07\/69839cda-cabd-427e-ad60-76476f61a5e4.jpeg 560w\" sizes=\"(max-width: 300px) 100vw, 300px\" \/><\/p>\n<p class=\"p1\"><span class=\"s1\">A hist\u00f3ria da constru\u00e7\u00e3o do Gin\u00e1sio de Esportes Raul Ferraz \u00e9 cheia de cap\u00edtulos. Foram momentos de muita luta, enfrentamentos, sess\u00f5es extraordin\u00e1rias na C\u00e2mara de Vereadores, inaugura\u00e7\u00e3o com as sele\u00e7\u00f5es brasileiras de basquete e v\u00f4lei, shows com Lulu Santos, Lu\u00eds Gonzaga, Chiclete com Banana, Paralamas do Sucesso, entre outros. O barulho ensurdecedor dos Jogos Estudantis, Copas Abertas com equipes de empresas da cidade, Jogos Abertos do Interior, Gincana Massicas, Conven\u00e7\u00f5es Partid\u00e1rias, Celebra\u00e7\u00f5es Religiosas &#8211; ali j\u00e1 aconteceu de tudo. Infelizmente, aquela grande estrutura, constru\u00edda com recursos do tesouro municipal em 1980, se transformou em um cemit\u00e9rio silencioso, abandonado, um crime cometido contra a nossa juventude esportiva. E n\u00e3o apenas contra ela, o crime atinge toda a cidade.<\/span><\/p>\n<p class=\"p1\"><span class=\"s1\">S\u00e3o mais de duas d\u00e9cadas de total abandono. Felizmente, a atual gestora do munic\u00edpio reage e pretende devolver aquele extraordin\u00e1rio equipamento \u00e0 nossa comunidade. No entanto, fomos surpreendidos com uma not\u00edcia preocupante: atos de vandalismo amea\u00e7am atrapalhar o andamento das obras. Veja a nota a seguir:<\/span><\/p>\n<p class=\"p1\"><strong><span class=\"s1\">Mesmo em reforma, a\u00e7\u00f5es de vandalismo continuam acontecendo no Gin\u00e1sio de Esportes Raul Ferraz<\/span><\/strong><\/p>\n<p class=\"p1\"><span class=\"s1\">Com a primeira etapa das obras prestes a ser finalizada, o Gin\u00e1sio de Esportes Raul Ferraz foi alvo de uma a\u00e7\u00e3o de vandalismo ocorrida neste final de semana, onde a parte recentemente pintada das paredes do gin\u00e1sio foi marcada com picha\u00e7\u00f5es.<\/span><\/p>\n<p class=\"p1\"><span class=\"s1\">As picha\u00e7\u00f5es aconteceram na sexta-feira (19) e tamb\u00e9m no s\u00e1bado (20) e, segundo os trabalhadores do local, a autoria \u00e9 de uma mulher que alegou sofrer transtornos mentais. A Guarda Municipal foi acionada e medidas est\u00e3o sendo estudadas para coibir tais a\u00e7\u00f5es.<\/span><\/p>\n<p class=\"p1\"><span class=\"s1\">O Gin\u00e1sio de Esportes n\u00e3o foi o \u00fanico equipamento municipal vandalizado. No in\u00edcio desta semana tamb\u00e9m foram constatadas depreda\u00e7\u00f5es e picha\u00e7\u00f5es no Gin\u00e1sio da Escola Municipal Frei Serafim, localizado no bairro Senhorinha Cairo. L\u00e1, a Secretaria Municipal de Educa\u00e7\u00e3o (Smed) j\u00e1 deu in\u00edcio ao processo de reforma.<\/span><!--more--><\/p>\n<p class=\"p1\"><span class=\"s1\">A Prefeitura e a Coordena\u00e7\u00e3o Municipal de Esportes reiteram o importante papel da popula\u00e7\u00e3o quanto \u00e0 manuten\u00e7\u00e3o e o correto uso dos equipamentos p\u00fablicos em toda a cidade.<\/span><\/p>\n<p class=\"p1\"><strong><span class=\"s1\">Revitaliza\u00e7\u00e3o do Gin\u00e1sio de Esportes Raul Ferraz<\/span><\/strong><\/p>\n<p class=\"p1\"><span class=\"s1\">O trabalho de revitaliza\u00e7\u00e3o do Raul Ferraz foi dividido em duas etapas, sendo a primeira voltada para a parte externa e a segunda, voltada \u00e0 estrutura do gin\u00e1sio. Ap\u00f3s quase duas d\u00e9cadas sem passar por reformas significativas (sendo a \u00faltima no ano de 2007), o espa\u00e7o interno do Gin\u00e1sio de Esportes Raul Ferraz encontra-se atualmente fechado para o p\u00fablico em geral, em cumprimento \u00e0s determina\u00e7\u00f5es do Corpo de Bombeiros.<\/span><\/p>\n<p class=\"p1\"><span class=\"s1\">J\u00e1 est\u00e3o em vias de serem conclu\u00eddas e entregues \u00e0 popula\u00e7\u00e3o os campos de futebol, parque infantil, quadras de v\u00f4lei e futev\u00f4lei, pista de skate e uma arena com gramado sint\u00e9tico.<\/span><\/p>\n<p class=\"p1\"><span class=\"s1\">Para a seguran\u00e7a dos usu\u00e1rios, as torres de ilumina\u00e7\u00e3o foram substitu\u00eddas por lumin\u00e1rias de LED e est\u00e1 sendo montada uma sala onde a Guarda Municipal monitorar\u00e1 todo o espa\u00e7o com o aux\u00edlio de c\u00e2meras.<\/span><\/p>\n","protected":false},"excerpt":{"rendered":"<p>A hist\u00f3ria da constru\u00e7\u00e3o do Gin\u00e1sio de Esportes Raul Ferraz \u00e9 cheia de cap\u00edtulos. Foram momentos de muita luta, enfrentamentos, sess\u00f5es extraordin\u00e1rias na C\u00e2mara de Vereadores, inaugura\u00e7\u00e3o com as sele\u00e7\u00f5es brasileiras de basquete e v\u00f4lei, shows com Lulu Santos, Lu\u00eds Gonzaga, Chiclete com Banana, Paralamas do Sucesso, entre outros. O barulho ensurdecedor dos Jogos Estudantis, [&hellip;]<\/p>\n","protected":false},"author":3,"featured_media":45932,"comment_status":"open","ping_status":"open","sticky":false,"template":"","format":"standard","meta":[],"categories":[7,1],"tags":[],"_links":{"self":[{"href":"https:\/\/www.blogdomassinha.com.br\/v1\/wp-json\/wp\/v2\/posts\/45931"}],"collection":[{"href":"https:\/\/www.blogdomassinha.com.br\/v1\/wp-json\/wp\/v2\/posts"}],"about":[{"href":"https:\/\/www.blogdomassinha.com.br\/v1\/wp-json\/wp\/v2\/types\/post"}],"author":[{"embeddable":true,"href":"https:\/\/www.blogdomassinha.com.br\/v1\/wp-json\/wp\/v2\/users\/3"}],"replies":[{"embeddable":true,"href":"https:\/\/www.blogdomassinha.com.br\/v1\/wp-json\/wp\/v2\/comments?post=45931"}],"version-history":[{"count":1,"href":"https:\/\/www.blogdomassinha.com.br\/v1\/wp-json\/wp\/v2\/posts\/45931\/revisions"}],"predecessor-version":[{"id":45933,"href":"https:\/\/www.blogdomassinha.com.br\/v1\/wp-json\/wp\/v2\/posts\/45931\/revisions\/45933"}],"wp:featuredmedia":[{"embeddable":true,"href":"https:\/\/www.blogdomassinha.com.br\/v1\/wp-json\/wp\/v2\/media\/45932"}],"wp:attachment":[{"href":"https:\/\/www.blogdomassinha.com.br\/v1\/wp-json\/wp\/v2\/media?parent=45931"}],"wp:term":[{"taxonomy":"category","embeddable":true,"href":"https:\/\/www.blogdomassinha.com.br\/v1\/wp-json\/wp\/v2\/categories?post=45931"},{"taxonomy":"post_tag","embeddable":true,"href":"https:\/\/www.blogdomassinha.com.br\/v1\/wp-json\/wp\/v2\/tags?post=45931"}],"curies":[{"name":"wp","href":"https:\/\/api.w.org\/{rel}","templated":true}]}}