{"id":45919,"date":"2024-07-22T13:08:42","date_gmt":"2024-07-22T16:08:42","guid":{"rendered":"https:\/\/www.blogdomassinha.com.br\/v1\/?p=45919"},"modified":"2024-07-22T13:08:42","modified_gmt":"2024-07-22T16:08:42","slug":"festival-de-inverno-aproxima-se-da-reta-final-e-chega-ao-quarto-lote-de-vendas-a-expectativa-e-que-supere-as-edicoes-anteriores","status":"publish","type":"post","link":"https:\/\/www.blogdomassinha.com.br\/v1\/2024\/07\/22\/festival-de-inverno-aproxima-se-da-reta-final-e-chega-ao-quarto-lote-de-vendas-a-expectativa-e-que-supere-as-edicoes-anteriores\/","title":{"rendered":"Festival de Inverno aproxima-se da reta final e chega ao quarto lote de vendas. A expectativa \u00e9 que supere as edi\u00e7\u00f5es anteriores."},"content":{"rendered":"<div id=\"attachment_45920\" style=\"width: 310px\" class=\"wp-caption alignright\"><img aria-describedby=\"caption-attachment-45920\" loading=\"lazy\" class=\"size-medium wp-image-45920\" src=\"https:\/\/www.blogdomassinha.com.br\/v1\/wp-content\/uploads\/2024\/07\/50d60233-b920-4472-87e2-25fe51b2cb4a-300x200.jpeg\" alt=\"\" width=\"300\" height=\"200\" srcset=\"https:\/\/www.blogdomassinha.com.br\/v1\/wp-content\/uploads\/2024\/07\/50d60233-b920-4472-87e2-25fe51b2cb4a-300x200.jpeg 300w, https:\/\/www.blogdomassinha.com.br\/v1\/wp-content\/uploads\/2024\/07\/50d60233-b920-4472-87e2-25fe51b2cb4a.jpeg 600w\" sizes=\"(max-width: 300px) 100vw, 300px\" \/><p id=\"caption-attachment-45920\" class=\"wp-caption-text\">Fotos: La\u00e9cio Lacerda<\/p><\/div>\n<p class=\"p1\"><span class=\"s1\"><br \/>\nA cidade de Vit\u00f3ria da Conquista j\u00e1 vive o clima de mais um ano de sucesso, realizando um dos principais festivais de m\u00fasica do nordeste, contando com grandes atra\u00e7\u00f5es da m\u00fasica brasileira e proporcionando ao munic\u00edpio a oportunidade de injetar na sua economia grandes cifras, principalmente no com\u00e9rcio de cal\u00e7ados, roupas, bares, restaurantes e na rede hoteleira, que n\u00e3o consegue atender toda a demanda, lotando completamente todos os seus leitos.<\/span><\/p>\n<p class=\"p1\"><span class=\"s1\">A festa nasceu com uma proposta pop\/rock, e depois variou para o sertanejo e tamb\u00e9m para o ax\u00e9, transformando o evento em um verdadeiro caldeir\u00e3o de ritmos. O FIB j\u00e1 consta no calend\u00e1rio oficial de festas da cidade, e o m\u00eas de agosto \u00e9 sempre aguardado com muita ansiedade pelos conquistenses e pelos turistas, que n\u00e3o abrem m\u00e3o de curtir o frio na terra encantadora que \u00e9 Vit\u00f3ria da Conquista.<\/span><!--more--><\/p>\n<p class=\"p1\"><span class=\"s1\"><img loading=\"lazy\" class=\"size-medium wp-image-45921 alignleft\" src=\"https:\/\/www.blogdomassinha.com.br\/v1\/wp-content\/uploads\/2024\/07\/5f950df9-6158-4461-ab36-aabe51892e67-300x200.jpeg\" alt=\"\" width=\"300\" height=\"200\" srcset=\"https:\/\/www.blogdomassinha.com.br\/v1\/wp-content\/uploads\/2024\/07\/5f950df9-6158-4461-ab36-aabe51892e67-300x200.jpeg 300w, https:\/\/www.blogdomassinha.com.br\/v1\/wp-content\/uploads\/2024\/07\/5f950df9-6158-4461-ab36-aabe51892e67.jpeg 600w\" sizes=\"(max-width: 300px) 100vw, 300px\" \/><br \/>\nAs vendas para os tr\u00eas dias de festival (23, 24 e 25 de agosto) est\u00e3o a todo vapor. No \u00faltimo s\u00e1bado, dia 20, encerraram as vendas do terceiro lote, e, pelo andar da carruagem, o p\u00fablico das edi\u00e7\u00f5es passadas ser\u00e1 superado.<\/span><\/p>\n<p class=\"p1\"><span class=\"s1\">Este ano, a organiza\u00e7\u00e3o est\u00e1 trazendo novidades, como mais shows dentro do camarote, pra\u00e7a de alimenta\u00e7\u00e3o com mais op\u00e7\u00f5es e uma \u00e1rea mais pr\u00f3xima \u00e0 frente do palco para esse setor. Outra grande novidade ser\u00e1 a permiss\u00e3o para que menores acompanhados dos pais e\/ou respons\u00e1veis possam assistir aos shows.<\/span><\/p>\n<p class=\"p1\"><span class=\"s1\">O Festival de Inverno \u00e9, portanto, uma oportunidade de grande visibilidade para a capital do sudoeste da Bahia, atraindo milhares de visitantes de todo o Brasil para a nossa cidade.<\/span><\/p>\n","protected":false},"excerpt":{"rendered":"<p>A cidade de Vit\u00f3ria da Conquista j\u00e1 vive o clima de mais um ano de sucesso, realizando um dos principais festivais de m\u00fasica do nordeste, contando com grandes atra\u00e7\u00f5es da m\u00fasica brasileira e proporcionando ao munic\u00edpio a oportunidade de injetar na sua economia grandes cifras, principalmente no com\u00e9rcio de cal\u00e7ados, roupas, bares, restaurantes e na [&hellip;]<\/p>\n","protected":false},"author":3,"featured_media":45920,"comment_status":"open","ping_status":"open","sticky":false,"template":"","format":"standard","meta":[],"categories":[7,1],"tags":[],"_links":{"self":[{"href":"https:\/\/www.blogdomassinha.com.br\/v1\/wp-json\/wp\/v2\/posts\/45919"}],"collection":[{"href":"https:\/\/www.blogdomassinha.com.br\/v1\/wp-json\/wp\/v2\/posts"}],"about":[{"href":"https:\/\/www.blogdomassinha.com.br\/v1\/wp-json\/wp\/v2\/types\/post"}],"author":[{"embeddable":true,"href":"https:\/\/www.blogdomassinha.com.br\/v1\/wp-json\/wp\/v2\/users\/3"}],"replies":[{"embeddable":true,"href":"https:\/\/www.blogdomassinha.com.br\/v1\/wp-json\/wp\/v2\/comments?post=45919"}],"version-history":[{"count":1,"href":"https:\/\/www.blogdomassinha.com.br\/v1\/wp-json\/wp\/v2\/posts\/45919\/revisions"}],"predecessor-version":[{"id":45922,"href":"https:\/\/www.blogdomassinha.com.br\/v1\/wp-json\/wp\/v2\/posts\/45919\/revisions\/45922"}],"wp:featuredmedia":[{"embeddable":true,"href":"https:\/\/www.blogdomassinha.com.br\/v1\/wp-json\/wp\/v2\/media\/45920"}],"wp:attachment":[{"href":"https:\/\/www.blogdomassinha.com.br\/v1\/wp-json\/wp\/v2\/media?parent=45919"}],"wp:term":[{"taxonomy":"category","embeddable":true,"href":"https:\/\/www.blogdomassinha.com.br\/v1\/wp-json\/wp\/v2\/categories?post=45919"},{"taxonomy":"post_tag","embeddable":true,"href":"https:\/\/www.blogdomassinha.com.br\/v1\/wp-json\/wp\/v2\/tags?post=45919"}],"curies":[{"name":"wp","href":"https:\/\/api.w.org\/{rel}","templated":true}]}}