{"id":45886,"date":"2024-07-21T11:23:55","date_gmt":"2024-07-21T14:23:55","guid":{"rendered":"https:\/\/www.blogdomassinha.com.br\/v1\/?p=45886"},"modified":"2024-07-21T11:23:55","modified_gmt":"2024-07-21T14:23:55","slug":"sera-simbolica-para-o-uniao-brasil-a-vitoria-de-sheila-diz-acm-neto-em-conquista","status":"publish","type":"post","link":"https:\/\/www.blogdomassinha.com.br\/v1\/2024\/07\/21\/sera-simbolica-para-o-uniao-brasil-a-vitoria-de-sheila-diz-acm-neto-em-conquista\/","title":{"rendered":"\u2018Ser\u00e1 simb\u00f3lica para o Uni\u00e3o Brasil a vit\u00f3ria de Sheila\u2019, diz ACM Neto em Conquista"},"content":{"rendered":"<p class=\"p1\"><span class=\"s1\"><img loading=\"lazy\" class=\"alignright size-medium wp-image-45872\" src=\"https:\/\/www.blogdomassinha.com.br\/v1\/wp-content\/uploads\/2024\/07\/3f25efc7-dadf-407d-8dfd-e610eb99f449-300x200.jpeg\" alt=\"\" width=\"300\" height=\"200\" srcset=\"https:\/\/www.blogdomassinha.com.br\/v1\/wp-content\/uploads\/2024\/07\/3f25efc7-dadf-407d-8dfd-e610eb99f449-300x200.jpeg 300w, https:\/\/www.blogdomassinha.com.br\/v1\/wp-content\/uploads\/2024\/07\/3f25efc7-dadf-407d-8dfd-e610eb99f449.jpeg 600w\" sizes=\"(max-width: 300px) 100vw, 300px\" \/><br \/>\nNa in\u00edcio da noite deste s\u00e1bado (20), o vice-presidente do Uni\u00e3o Brasil, ACM Neto, esteve presente na conven\u00e7\u00e3o que confirmou a candidatura \u00e0 reelei\u00e7\u00e3o da prefeita de Vit\u00f3ria da Conquista, Sheila Lemos (Uni\u00e3o Brasil), e do seu vice, Alo\u00edsio Alan (Republicanos). O evento reuniu lideran\u00e7as pol\u00edticas e apoiadores para oficializar a continuidade da gest\u00e3o de Sheila Lemos \u00e0 frente da prefeitura.<\/span><\/p>\n<p class=\"p1\"><span class=\"s1\">Em conversa com a imprensa, ACM Neto destacou a compet\u00eancia e a determina\u00e7\u00e3o de Sheila, elogiando sua capacidade de enfrentar desafios e tomar medidas necess\u00e1rias para a organiza\u00e7\u00e3o da administra\u00e7\u00e3o municipal.<\/span><\/p>\n<p class=\"p1\"><span class=\"s1\">\u201cSheila representa uma grande prefeita, uma prefeita que vem superando todas as dificuldades, que teve coragem para tomar as medidas duras, por\u00e9m necess\u00e1rias para organizar a gest\u00e3o, e chega agora, gra\u00e7as a Deus, no melhor momento do seu governo,\u201d afirmou ACM Neto. Ele tamb\u00e9m destacou a import\u00e2ncia simb\u00f3lica da vit\u00f3ria de Sheila para o Uni\u00e3o Brasil: \u201cSer\u00e1 simb\u00f3lica para o Uni\u00e3o Brasil a vit\u00f3ria de Sheila, por isso \u00e9 que o apoio da vida do Deus, ou mesmo da dire\u00e7\u00e3o estadual do partido, \u00e9 do partido de todo o pa\u00eds. N\u00f3s estamos fechados com Sheila, n\u00f3s vamos dar o apoio que ela precisar, e se Deus quiser vamos construir uma grande mem\u00f3ria para o Deus por esse ano.\u201d<\/span><!--more--><\/p>\n<p class=\"p1\"><span class=\"s1\">Al\u00e9m disso, ACM Neto ressaltou a relev\u00e2ncia de ter uma lideran\u00e7a municipal competente, comparando a experi\u00eancia de gest\u00e3o em Vit\u00f3ria da Conquista com sua pr\u00f3pria viv\u00eancia como prefeito de Salvador. \u201cE \u00e9 claro que a gente sabe a import\u00e2ncia de ter um bom prefeito ou uma boa prefeita. Isso faz toda a diferen\u00e7a, eu vivi essa experi\u00eancia em Salvador. A import\u00e2ncia que Vit\u00f3ria da Conquista tem na regi\u00e3o, em todo o estado, e a minha confian\u00e7a em Sheila, que vai ser reeleita, que vai continuar esse trabalho muito importante que ela vem fazendo aqui na cidade,\u201d concluiu.<\/span><\/p>\n<p class=\"p1\"><span class=\"s1\"><strong>Homenagem a ACM<\/strong> &#8211; Durante o seu discurso no evento, ACM Neto lembrou os 17 anos da morte do senador Antonio Carlos Magalh\u00e3es.<\/span><\/p>\n<p class=\"p1\"><span class=\"s1\">\u201cHoje tamb\u00e9m \u00e9 um dia de mem\u00f3ria para mim, porque h\u00e1 17 anos, no dia 20 de julho, nos deixava o meu queriqu\u00edssimo av\u00f4 Ant\u00f4nio Carlos Magalh\u00e3es. E eu n\u00e3o posso deixar de prestar essa homenagem hoje para ele, principalmente aqui em Vit\u00f3ria da Conquista, onde ele teve uma trajet\u00f3ria maravilhosa, onde ele construiu muitos amigos, onde ele deixou a sua marca\u201d, disse.<\/span><\/p>\n","protected":false},"excerpt":{"rendered":"<p>Na in\u00edcio da noite deste s\u00e1bado (20), o vice-presidente do Uni\u00e3o Brasil, ACM Neto, esteve presente na conven\u00e7\u00e3o que confirmou a candidatura \u00e0 reelei\u00e7\u00e3o da prefeita de Vit\u00f3ria da Conquista, Sheila Lemos (Uni\u00e3o Brasil), e do seu vice, Alo\u00edsio Alan (Republicanos). O evento reuniu lideran\u00e7as pol\u00edticas e apoiadores para oficializar a continuidade da gest\u00e3o de [&hellip;]<\/p>\n","protected":false},"author":3,"featured_media":45872,"comment_status":"open","ping_status":"open","sticky":false,"template":"","format":"standard","meta":[],"categories":[7,2],"tags":[],"_links":{"self":[{"href":"https:\/\/www.blogdomassinha.com.br\/v1\/wp-json\/wp\/v2\/posts\/45886"}],"collection":[{"href":"https:\/\/www.blogdomassinha.com.br\/v1\/wp-json\/wp\/v2\/posts"}],"about":[{"href":"https:\/\/www.blogdomassinha.com.br\/v1\/wp-json\/wp\/v2\/types\/post"}],"author":[{"embeddable":true,"href":"https:\/\/www.blogdomassinha.com.br\/v1\/wp-json\/wp\/v2\/users\/3"}],"replies":[{"embeddable":true,"href":"https:\/\/www.blogdomassinha.com.br\/v1\/wp-json\/wp\/v2\/comments?post=45886"}],"version-history":[{"count":1,"href":"https:\/\/www.blogdomassinha.com.br\/v1\/wp-json\/wp\/v2\/posts\/45886\/revisions"}],"predecessor-version":[{"id":45887,"href":"https:\/\/www.blogdomassinha.com.br\/v1\/wp-json\/wp\/v2\/posts\/45886\/revisions\/45887"}],"wp:featuredmedia":[{"embeddable":true,"href":"https:\/\/www.blogdomassinha.com.br\/v1\/wp-json\/wp\/v2\/media\/45872"}],"wp:attachment":[{"href":"https:\/\/www.blogdomassinha.com.br\/v1\/wp-json\/wp\/v2\/media?parent=45886"}],"wp:term":[{"taxonomy":"category","embeddable":true,"href":"https:\/\/www.blogdomassinha.com.br\/v1\/wp-json\/wp\/v2\/categories?post=45886"},{"taxonomy":"post_tag","embeddable":true,"href":"https:\/\/www.blogdomassinha.com.br\/v1\/wp-json\/wp\/v2\/tags?post=45886"}],"curies":[{"name":"wp","href":"https:\/\/api.w.org\/{rel}","templated":true}]}}