{"id":45803,"date":"2024-07-18T13:09:01","date_gmt":"2024-07-18T16:09:01","guid":{"rendered":"https:\/\/www.blogdomassinha.com.br\/v1\/?p=45803"},"modified":"2024-07-18T13:09:01","modified_gmt":"2024-07-18T16:09:01","slug":"padre-carlos-um-icone-da-nossa-comunicacao-escrita-uma-figura-de-rara-inteligencia-sera-o-nosso-entrevistado-na-segunda-feira-22-7","status":"publish","type":"post","link":"https:\/\/www.blogdomassinha.com.br\/v1\/2024\/07\/18\/padre-carlos-um-icone-da-nossa-comunicacao-escrita-uma-figura-de-rara-inteligencia-sera-o-nosso-entrevistado-na-segunda-feira-22-7\/","title":{"rendered":"Padre Carlos, um \u00edcone da nossa comunica\u00e7\u00e3o escrita, uma figura de rara intelig\u00eancia, ser\u00e1 o nosso entrevistado na segunda-feira, 22\/7."},"content":{"rendered":"<p class=\"p1\"><span class=\"s1\"><img loading=\"lazy\" class=\"size-medium wp-image-45804 alignleft\" src=\"https:\/\/www.blogdomassinha.com.br\/v1\/wp-content\/uploads\/2024\/07\/4a18df60-bbe7-4015-823a-0aaf9aff2166-212x300.jpeg\" alt=\"\" width=\"212\" height=\"300\" srcset=\"https:\/\/www.blogdomassinha.com.br\/v1\/wp-content\/uploads\/2024\/07\/4a18df60-bbe7-4015-823a-0aaf9aff2166-212x300.jpeg 212w, https:\/\/www.blogdomassinha.com.br\/v1\/wp-content\/uploads\/2024\/07\/4a18df60-bbe7-4015-823a-0aaf9aff2166.jpeg 353w\" sizes=\"(max-width: 212px) 100vw, 212px\" \/><br \/>\nPadre Carlos come\u00e7ou sua trajet\u00f3ria pol\u00edtica e p\u00fablica, como muitos da sua gera\u00e7\u00e3o, no movimento estudantil e, posteriormente, no movimento sindical. Durante a d\u00e9cada de setenta, o movimento estudantil foi um dos grandes instrumentos para combater a ditadura militar no Brasil. Foi ali que ele conheceu muitos amigos e pol\u00edticos que hoje atuam na vida p\u00fablica, solidificando la\u00e7os e trocando experi\u00eancias que moldariam sua atua\u00e7\u00e3o futura.<\/span><\/p>\n<p class=\"p1\"><span class=\"s1\">Paralelamente a essa milit\u00e2ncia, havia outra forma\u00e7\u00e3o significativa: a religiosa. Padre Carlos teve sua caminhada na Igreja durante o auge da teologia da liberta\u00e7\u00e3o, um movimento que buscava a transforma\u00e7\u00e3o social atrav\u00e9s dos princ\u00edpios crist\u00e3os. Estudou Filosofia e Teologia na Pontif\u00edcia Universidade Cat\u00f3lica (PUC), em Belo Horizonte, que na \u00e9poca era considerado o centro teol\u00f3gico do Brasil. Esse ambiente foi prop\u00edcio para o florescimento de sua voca\u00e7\u00e3o religiosa.<\/span><\/p>\n<p class=\"p1\"><span class=\"s1\">Sua vinda para Vit\u00f3ria da Conquista foi um chamado de Dom Celso Jos\u00e9, no in\u00edcio da d\u00e9cada de noventa. O bispo o convidou para ajudar o Padre Vasco, visto que a par\u00f3quia tinha muitas comunidades rurais necessitando de apoio espiritual e social. Com o tempo, a par\u00f3quia foi dividida, e Padre Carlos ficou respons\u00e1vel pela parte rural, dedicando-se intensamente \u00e0s necessidades das comunidades locais.<\/span><!--more--><\/p>\n<p class=\"p1\"><span class=\"s1\">Quando decidiu deixar o minist\u00e9rio sacerdotal, seu compromisso com a transforma\u00e7\u00e3o social e a justi\u00e7a n\u00e3o cessou. O governador Wagner, um velho conhecido dos tempos de movimento sindical, o convidou para assumir a dire\u00e7\u00e3o adjunta do Pres\u00eddio Nilton Gon\u00e7alves. Essa nova fun\u00e7\u00e3o permitiu que Padre Carlos continuasse a sua miss\u00e3o de servir \u00e0 comunidade, agora em um novo contexto, trazendo consigo toda a experi\u00eancia e a sabedoria acumuladas ao longo dos anos.<\/span><\/p>\n<p class=\"p1\"><span class=\"s1\">Padre Carlos continua a ser uma figura influente e ativa, sempre buscando a verdade e a justi\u00e7a em suas a\u00e7\u00f5es e escritos, seja em seu blog ou na sua atua\u00e7\u00e3o p\u00fablica. Sua trajet\u00f3ria \u00e9 um exemplo de dedica\u00e7\u00e3o e comprometimento com as causas sociais, inspirando muitos ao seu redor.<\/span><\/p>\n","protected":false},"excerpt":{"rendered":"<p>Padre Carlos come\u00e7ou sua trajet\u00f3ria pol\u00edtica e p\u00fablica, como muitos da sua gera\u00e7\u00e3o, no movimento estudantil e, posteriormente, no movimento sindical. Durante a d\u00e9cada de setenta, o movimento estudantil foi um dos grandes instrumentos para combater a ditadura militar no Brasil. Foi ali que ele conheceu muitos amigos e pol\u00edticos que hoje atuam na vida [&hellip;]<\/p>\n","protected":false},"author":3,"featured_media":45804,"comment_status":"open","ping_status":"open","sticky":false,"template":"","format":"standard","meta":[],"categories":[7,1],"tags":[],"_links":{"self":[{"href":"https:\/\/www.blogdomassinha.com.br\/v1\/wp-json\/wp\/v2\/posts\/45803"}],"collection":[{"href":"https:\/\/www.blogdomassinha.com.br\/v1\/wp-json\/wp\/v2\/posts"}],"about":[{"href":"https:\/\/www.blogdomassinha.com.br\/v1\/wp-json\/wp\/v2\/types\/post"}],"author":[{"embeddable":true,"href":"https:\/\/www.blogdomassinha.com.br\/v1\/wp-json\/wp\/v2\/users\/3"}],"replies":[{"embeddable":true,"href":"https:\/\/www.blogdomassinha.com.br\/v1\/wp-json\/wp\/v2\/comments?post=45803"}],"version-history":[{"count":1,"href":"https:\/\/www.blogdomassinha.com.br\/v1\/wp-json\/wp\/v2\/posts\/45803\/revisions"}],"predecessor-version":[{"id":45805,"href":"https:\/\/www.blogdomassinha.com.br\/v1\/wp-json\/wp\/v2\/posts\/45803\/revisions\/45805"}],"wp:featuredmedia":[{"embeddable":true,"href":"https:\/\/www.blogdomassinha.com.br\/v1\/wp-json\/wp\/v2\/media\/45804"}],"wp:attachment":[{"href":"https:\/\/www.blogdomassinha.com.br\/v1\/wp-json\/wp\/v2\/media?parent=45803"}],"wp:term":[{"taxonomy":"category","embeddable":true,"href":"https:\/\/www.blogdomassinha.com.br\/v1\/wp-json\/wp\/v2\/categories?post=45803"},{"taxonomy":"post_tag","embeddable":true,"href":"https:\/\/www.blogdomassinha.com.br\/v1\/wp-json\/wp\/v2\/tags?post=45803"}],"curies":[{"name":"wp","href":"https:\/\/api.w.org\/{rel}","templated":true}]}}