{"id":45784,"date":"2024-07-17T16:32:41","date_gmt":"2024-07-17T19:32:41","guid":{"rendered":"https:\/\/www.blogdomassinha.com.br\/v1\/?p=45784"},"modified":"2024-07-17T16:32:41","modified_gmt":"2024-07-17T19:32:41","slug":"reforma-tributaria-quanto-os-profissionais-liberais-e-prestadores-de-servicos-irao-pagar","status":"publish","type":"post","link":"https:\/\/www.blogdomassinha.com.br\/v1\/2024\/07\/17\/reforma-tributaria-quanto-os-profissionais-liberais-e-prestadores-de-servicos-irao-pagar\/","title":{"rendered":"Reforma Tribut\u00e1ria: Quanto os Profissionais Liberais e Prestadores de Servi\u00e7os ir\u00e3o Pagar"},"content":{"rendered":"<p class=\"p1\"><span class=\"s1\"><img loading=\"lazy\" class=\"size-medium wp-image-45785 alignleft\" src=\"https:\/\/www.blogdomassinha.com.br\/v1\/wp-content\/uploads\/2024\/07\/IMG_0142-300x162.jpeg\" alt=\"\" width=\"300\" height=\"162\" srcset=\"https:\/\/www.blogdomassinha.com.br\/v1\/wp-content\/uploads\/2024\/07\/IMG_0142-300x162.jpeg 300w, https:\/\/www.blogdomassinha.com.br\/v1\/wp-content\/uploads\/2024\/07\/IMG_0142.jpeg 600w\" sizes=\"(max-width: 300px) 100vw, 300px\" \/><br \/>\nOntem falei para Contadores em Vit\u00f3ria da Conquista &#8211; BA em evento organizado pelo Sincontec-Ba, a Comunidade de Contadores do Sudoeste da Bahia e com o apoio dos representantes do CRC\/BA, a quem agrade\u00e7o nas pessoas de Josaf\u00e1, Josana e Amauri.<\/span><\/p>\n<p class=\"p1\"><span class=\"s1\">Na semana passada, a C\u00e2mara dos Deputados aprovou o Projeto de Lei Complementar (PLP) 68\/24, que regulamentou a reforma tribut\u00e1ria, e agora segue para o Senado. Essa nova legisla\u00e7\u00e3o &#8211; se n\u00e4o for modificada &#8211; ir\u00e1 gerar um aumento significativo na tributa\u00e7\u00e3o das empresas prestadoras de servi\u00e7os de profiss\u00f5es regulamentadas, que hoje est\u00e3o no lucro presumido.<\/span><\/p>\n<p class=\"p1\"><span class=\"s1\">Ficaram de fora as empresas que est\u00e3o no Simples que n\u00e4o ter\u00e3o aumento de carga, mas por outro lado experimentar\u00e3o um outro tipo de efeito danoso: gerar\u00e3o menos cr\u00e9ditos de IBS e CBS para quem contratar seus servi\u00e7os.<\/span><\/p>\n<p class=\"p1\"><strong><span class=\"s1\">Al\u00edquotas para Profissionais Liberais:<\/span><\/strong><\/p>\n<p class=\"p1\"><span class=\"s1\">Empresas prestadoras de servi\u00e7os de profissionais liberais, de profiss\u00f5es intelectuais de natureza cient\u00edfica, liter\u00e1ria ou art\u00edstica ter\u00e3o uma redu\u00e7\u00e3o de 30% nas al\u00edquotas, o que no fim do dia os levar\u00e1 para uma al\u00edquota de 18,5% s\u00f3 de IBS\/CBS sem contar o IRPJ e CSLL. Hoje elas pagam 3,65% de Pis e Cofins e at\u00e9 5% de ISS. Para eles se nada mudar sair\u00e3o de uma carga geral de 14% (ISS, PIS, COFiNS, IRPJ e CSLL) para uma de 28,5% (IBS, CBS, IRPJ e CSLL), ficando mais caro que receber na f\u00edsica.<\/span><!--more--><\/p>\n<p class=\"p1\"><strong><span class=\"s1\">Profissionais Contemplados com Redu\u00e7\u00e3o de 30% na Reforma:<\/span><\/strong><\/p>\n<p class=\"p1\"><span class=\"s1\">&#8211; Administradores<\/span><\/p>\n<p class=\"p1\"><span class=\"s1\">&#8211; Advogados<\/span><\/p>\n<p class=\"p1\"><span class=\"s1\">&#8211; Arquitetos e urbanistas<\/span><\/p>\n<p class=\"p1\"><span class=\"s1\">&#8211; Assistentes sociais<\/span><\/p>\n<p class=\"p1\"><span class=\"s1\">&#8211; Bibliotec\u00e1rios<\/span><\/p>\n<p class=\"p1\"><span class=\"s1\">&#8211; Bi\u00f3logos<\/span><\/p>\n<p class=\"p1\"><span class=\"s1\">&#8211; Contabilistas<\/span><\/p>\n<p class=\"p1\"><span class=\"s1\">&#8211; Economistas<\/span><\/p>\n<p class=\"p1\"><span class=\"s1\">&#8211; Economistas dom\u00e9sticos<\/span><\/p>\n<p class=\"p1\"><span class=\"s1\">&#8211; Profissionais de educa\u00e7\u00e3o f\u00edsica<\/span><\/p>\n<p class=\"p1\"><span class=\"s1\">&#8211; Engenheiros e agr\u00f4nomos<\/span><\/p>\n<p class=\"p1\"><span class=\"s1\">&#8211; Estat\u00edsticos<\/span><\/p>\n<p class=\"p1\"><span class=\"s1\">&#8211; M\u00e9dicos veterin\u00e1rios e zootecnistas<\/span><\/p>\n<p class=\"p1\"><span class=\"s1\">&#8211; Muse\u00f3logos<\/span><\/p>\n<p class=\"p1\"><span class=\"s1\">&#8211; Qu\u00edmicos<\/span><\/p>\n<p class=\"p1\"><span class=\"s1\">&#8211; Profissionais de rela\u00e7\u00f5es p\u00fablicas<\/span><\/p>\n<p class=\"p1\"><span class=\"s1\">&#8211; T\u00e9cnicos industriais e t\u00e9cnicos agr\u00edcolas<\/span><\/p>\n<p class=\"p1\"><strong><span class=\"s1\">Requisitos para Pessoa Jur\u00eddica ter Redu\u00e7\u00e3o de Al\u00edquota<\/span><\/strong><\/p>\n<p class=\"p1\"><span class=\"s1\">Para que a redu\u00e7\u00e3o de al\u00edquota de 30% previsto na Reforma a empresa deve cumprir os seguintes requisitos:<\/span><\/p>\n<p class=\"p1\"><span class=\"s1\">1. Habilita\u00e7\u00f5es Profissionais: Os s\u00f3cios devem possuir habilita\u00e7\u00f5es profissionais vinculadas aos objetivos da sociedade e devem ser fiscalizados por conselho profissional.<\/span><\/p>\n<p class=\"p1\"><span class=\"s1\">2. Proibi\u00e7\u00e3o de S\u00f3cio Pessoa Jur\u00eddica: N\u00e3o ter como s\u00f3cio pessoa jur\u00eddica.<\/span><\/p>\n<p class=\"p1\"><span class=\"s1\">3. Exclusividade de S\u00f3cios: N\u00e3o ser s\u00f3cia de outra pessoa jur\u00eddica.<\/span><\/p>\n<p class=\"p1\"><span class=\"s1\">4. Exclusividade de Atividade: N\u00e3o exercer atividade diversa das habilita\u00e7\u00f5es profissionais dos s\u00f3cios.<\/span><\/p>\n<p class=\"p1\"><span class=\"s1\">5. Presta\u00e7\u00e3o Direta de Servi\u00e7os: As atividade-fim devem ser prestados diretamente pelos s\u00f3cios, admitindo-se o emprego de auxiliares.<\/span><\/p>\n<p class=\"p1\"><span class=\"s1\">O texto aprovado permite que v\u00e1rios profissionais de diferentes profiss\u00f5es se unam em uma mesma PJ para contar com a redu\u00e7\u00e3o da al\u00edquota, desde que cada um atue na sua \u00e1rea espec\u00edfica.<\/span><\/p>\n<p class=\"p1\"><strong><span class=\"s1\">Redu\u00e7\u00e3o de 60% nas Al\u00edquotas<\/span><\/strong><\/p>\n<p class=\"p1\"><span class=\"s1\">Essa redu\u00e7\u00e3o ser\u00e1 aplic\u00e1vel aos servi\u00e7os de produ\u00e7\u00f5es realizadas no Brasil que contenham mais obras art\u00edsticas, musicais, liter\u00e1rias ou jornal\u00edsticas de autores brasileiros ou interpretadas na maioria por artistas brasileiros.<\/span><\/p>\n<p class=\"p1\"><span class=\"s1\">Em resumo: prepara que o tombo vai ser grande.<\/span><\/p>\n","protected":false},"excerpt":{"rendered":"<p>Ontem falei para Contadores em Vit\u00f3ria da Conquista &#8211; BA em evento organizado pelo Sincontec-Ba, a Comunidade de Contadores do Sudoeste da Bahia e com o apoio dos representantes do CRC\/BA, a quem agrade\u00e7o nas pessoas de Josaf\u00e1, Josana e Amauri. Na semana passada, a C\u00e2mara dos Deputados aprovou o Projeto de Lei Complementar (PLP) [&hellip;]<\/p>\n","protected":false},"author":3,"featured_media":45785,"comment_status":"open","ping_status":"open","sticky":false,"template":"","format":"standard","meta":[],"categories":[7,1],"tags":[],"_links":{"self":[{"href":"https:\/\/www.blogdomassinha.com.br\/v1\/wp-json\/wp\/v2\/posts\/45784"}],"collection":[{"href":"https:\/\/www.blogdomassinha.com.br\/v1\/wp-json\/wp\/v2\/posts"}],"about":[{"href":"https:\/\/www.blogdomassinha.com.br\/v1\/wp-json\/wp\/v2\/types\/post"}],"author":[{"embeddable":true,"href":"https:\/\/www.blogdomassinha.com.br\/v1\/wp-json\/wp\/v2\/users\/3"}],"replies":[{"embeddable":true,"href":"https:\/\/www.blogdomassinha.com.br\/v1\/wp-json\/wp\/v2\/comments?post=45784"}],"version-history":[{"count":1,"href":"https:\/\/www.blogdomassinha.com.br\/v1\/wp-json\/wp\/v2\/posts\/45784\/revisions"}],"predecessor-version":[{"id":45786,"href":"https:\/\/www.blogdomassinha.com.br\/v1\/wp-json\/wp\/v2\/posts\/45784\/revisions\/45786"}],"wp:featuredmedia":[{"embeddable":true,"href":"https:\/\/www.blogdomassinha.com.br\/v1\/wp-json\/wp\/v2\/media\/45785"}],"wp:attachment":[{"href":"https:\/\/www.blogdomassinha.com.br\/v1\/wp-json\/wp\/v2\/media?parent=45784"}],"wp:term":[{"taxonomy":"category","embeddable":true,"href":"https:\/\/www.blogdomassinha.com.br\/v1\/wp-json\/wp\/v2\/categories?post=45784"},{"taxonomy":"post_tag","embeddable":true,"href":"https:\/\/www.blogdomassinha.com.br\/v1\/wp-json\/wp\/v2\/tags?post=45784"}],"curies":[{"name":"wp","href":"https:\/\/api.w.org\/{rel}","templated":true}]}}