{"id":45781,"date":"2024-07-16T09:13:21","date_gmt":"2024-07-16T12:13:21","guid":{"rendered":"https:\/\/www.blogdomassinha.com.br\/v1\/?p=45781"},"modified":"2024-07-16T09:13:21","modified_gmt":"2024-07-16T12:13:21","slug":"roberto-carlos-esta-chegando-a-hora-do-nosso-encontro-com-o-maior-artista-da-historia-da-musica-brasileira-sera-nesta-quinta-feira-dia-18-as-21h-no-lomantao","status":"publish","type":"post","link":"https:\/\/www.blogdomassinha.com.br\/v1\/2024\/07\/16\/roberto-carlos-esta-chegando-a-hora-do-nosso-encontro-com-o-maior-artista-da-historia-da-musica-brasileira-sera-nesta-quinta-feira-dia-18-as-21h-no-lomantao\/","title":{"rendered":"Roberto Carlos: est\u00e1 chegando a hora do nosso encontro com o maior artista da hist\u00f3ria da m\u00fasica brasileira. Ser\u00e1 nesta quinta-feira, dia 18, \u00e0s 21h, no Lomant\u00e3o."},"content":{"rendered":"<p class=\"p1\"><span class=\"s1\"><img loading=\"lazy\" class=\"alignright size-medium wp-image-45782\" src=\"https:\/\/www.blogdomassinha.com.br\/v1\/wp-content\/uploads\/2024\/07\/3947bd4b-b8be-49fd-bebd-cedfd9ce74db-300x225.jpeg\" alt=\"\" width=\"300\" height=\"225\" srcset=\"https:\/\/www.blogdomassinha.com.br\/v1\/wp-content\/uploads\/2024\/07\/3947bd4b-b8be-49fd-bebd-cedfd9ce74db-300x225.jpeg 300w, https:\/\/www.blogdomassinha.com.br\/v1\/wp-content\/uploads\/2024\/07\/3947bd4b-b8be-49fd-bebd-cedfd9ce74db.jpeg 600w\" sizes=\"(max-width: 300px) 100vw, 300px\" \/><br \/>\nNa tarde de ontem, dia 15, \u00e0s 17h, o produtor do show do artista Roberto Carlos, Est\u00e1cio Gonzaga, acompanhado da assessoria de imprensa do mega espet\u00e1culo, recebeu os comunicadores que est\u00e3o dando cobertura ao acontecimento que ficar\u00e1 na hist\u00f3ria da nossa cidade. Esta poder\u00e1 ser a \u00faltima apresenta\u00e7\u00e3o do artista n\u00e3o s\u00f3 em Vit\u00f3ria da Conquista, mas em todo o interior do estado, devido \u00e0 agenda do carism\u00e1tico cantor, que est\u00e1 reduzindo suas apresenta\u00e7\u00f5es pelo pa\u00eds. Para quem n\u00e3o sabe, ele j\u00e1 se apresentou duas vezes em nossa cidade; esta ser\u00e1, portanto, a terceira visita do Rei \u00e0 nossa terra.<\/span><\/p>\n<p class=\"p1\"><span class=\"s1\">\u00c9 um privil\u00e9gio para Conquista e para o p\u00fablico regional. Ent\u00e3o, cabe a cada f\u00e3 aproveitar a oportunidade, comprar uma cadeira, sentar bem pertinho do palco ou adquirir um ingresso da arquibancada, tendo uma excelente vis\u00e3o panor\u00e2mica. E o melhor, pagar apenas R$ 80,00 se voc\u00ea tiver direito \u00e0 meia-entrada.<\/span><\/p>\n<p class=\"p1\"><span class=\"s1\">A fala da produ\u00e7\u00e3o de RC foi bastante esclarecedora, principalmente quando se refere \u00e0s op\u00e7\u00f5es de acesso ao show: \u201cVoc\u00ea pode assistir sentado em um dos tr\u00eas setores de cadeiras, e para aqueles que escolherem uma das op\u00e7\u00f5es, haver\u00e1 um translado gratuito, com transporte de vans, do port\u00e3o de entrada at\u00e9 pr\u00f3ximo ao palco.&#8221;<\/span><!--more--><\/p>\n<p class=\"p1\"><span class=\"s1\">\u00c9 bom lembrar que para as cadeiras tamb\u00e9m haver\u00e1 ingresso de meia-entrada. As informa\u00e7\u00f5es ser\u00e3o prestadas nos postos de venda autorizados: Banca Central, Central de Ingressos, Point do Ingresso e Loja Taco, na Ol\u00edvia Flores&#8221;, explicou Est\u00e1cio, bastante otimista em rela\u00e7\u00e3o ao show.<\/span><\/p>\n<p class=\"p1\"><span class=\"s1\">Tr\u00eas carretas carregadas com equipamentos de som, luz, LEDs come\u00e7ar\u00e3o a chegar a Vit\u00f3ria da Conquista. Toda a infraestrutura da turn\u00ea acompanha Roberto Carlos; at\u00e9 o camarim do artista vem junto, e vale salientar, \u00e9 o mais simples poss\u00edvel em rela\u00e7\u00e3o aos itens solicitados.<\/span><\/p>\n<p class=\"p1\"><span class=\"s1\">Ent\u00e3o, voc\u00ea vai? Que tal presentear seu pai, levando-o para curtir Roberto Carlos?<\/span><\/p>\n","protected":false},"excerpt":{"rendered":"<p>Na tarde de ontem, dia 15, \u00e0s 17h, o produtor do show do artista Roberto Carlos, Est\u00e1cio Gonzaga, acompanhado da assessoria de imprensa do mega espet\u00e1culo, recebeu os comunicadores que est\u00e3o dando cobertura ao acontecimento que ficar\u00e1 na hist\u00f3ria da nossa cidade. Esta poder\u00e1 ser a \u00faltima apresenta\u00e7\u00e3o do artista n\u00e3o s\u00f3 em Vit\u00f3ria da [&hellip;]<\/p>\n","protected":false},"author":3,"featured_media":45782,"comment_status":"open","ping_status":"open","sticky":false,"template":"","format":"standard","meta":[],"categories":[7,1],"tags":[],"_links":{"self":[{"href":"https:\/\/www.blogdomassinha.com.br\/v1\/wp-json\/wp\/v2\/posts\/45781"}],"collection":[{"href":"https:\/\/www.blogdomassinha.com.br\/v1\/wp-json\/wp\/v2\/posts"}],"about":[{"href":"https:\/\/www.blogdomassinha.com.br\/v1\/wp-json\/wp\/v2\/types\/post"}],"author":[{"embeddable":true,"href":"https:\/\/www.blogdomassinha.com.br\/v1\/wp-json\/wp\/v2\/users\/3"}],"replies":[{"embeddable":true,"href":"https:\/\/www.blogdomassinha.com.br\/v1\/wp-json\/wp\/v2\/comments?post=45781"}],"version-history":[{"count":1,"href":"https:\/\/www.blogdomassinha.com.br\/v1\/wp-json\/wp\/v2\/posts\/45781\/revisions"}],"predecessor-version":[{"id":45783,"href":"https:\/\/www.blogdomassinha.com.br\/v1\/wp-json\/wp\/v2\/posts\/45781\/revisions\/45783"}],"wp:featuredmedia":[{"embeddable":true,"href":"https:\/\/www.blogdomassinha.com.br\/v1\/wp-json\/wp\/v2\/media\/45782"}],"wp:attachment":[{"href":"https:\/\/www.blogdomassinha.com.br\/v1\/wp-json\/wp\/v2\/media?parent=45781"}],"wp:term":[{"taxonomy":"category","embeddable":true,"href":"https:\/\/www.blogdomassinha.com.br\/v1\/wp-json\/wp\/v2\/categories?post=45781"},{"taxonomy":"post_tag","embeddable":true,"href":"https:\/\/www.blogdomassinha.com.br\/v1\/wp-json\/wp\/v2\/tags?post=45781"}],"curies":[{"name":"wp","href":"https:\/\/api.w.org\/{rel}","templated":true}]}}