{"id":45768,"date":"2024-07-15T15:13:49","date_gmt":"2024-07-15T18:13:49","guid":{"rendered":"https:\/\/www.blogdomassinha.com.br\/v1\/?p=45768"},"modified":"2024-07-15T15:13:49","modified_gmt":"2024-07-15T18:13:49","slug":"sheila-e-alan-terao-candidaturas-homologadas-no-proximo-dia-20-7","status":"publish","type":"post","link":"https:\/\/www.blogdomassinha.com.br\/v1\/2024\/07\/15\/sheila-e-alan-terao-candidaturas-homologadas-no-proximo-dia-20-7\/","title":{"rendered":"Sheila e Alan ter\u00e3o candidaturas homologadas no pr\u00f3ximo dia 20\/7."},"content":{"rendered":"<p class=\"p1\"><span class=\"s1\"><img loading=\"lazy\" class=\"size-medium wp-image-45769 alignleft\" src=\"https:\/\/www.blogdomassinha.com.br\/v1\/wp-content\/uploads\/2024\/07\/IMG_0113-300x158.jpeg\" alt=\"\" width=\"300\" height=\"158\" srcset=\"https:\/\/www.blogdomassinha.com.br\/v1\/wp-content\/uploads\/2024\/07\/IMG_0113-300x158.jpeg 300w, https:\/\/www.blogdomassinha.com.br\/v1\/wp-content\/uploads\/2024\/07\/IMG_0113.jpeg 600w\" sizes=\"(max-width: 300px) 100vw, 300px\" \/><br \/>\nEncerrado o per\u00edodo de apari\u00e7\u00f5es como gestora do munic\u00edpio, no que se refere \u00e0 entrega de obras e tamb\u00e9m \u00e0 assinatura de ordens de servi\u00e7o por conta do per\u00edodo eleitoral, a prefeita Sheila Lemos continua cumprindo agenda normal em seu gabinete, acompanhando de perto tudo que j\u00e1 houvera anunciado nesses tr\u00eas anos de governo.<\/span><\/p>\n<p class=\"p1\"><span class=\"s1\">Por outro lado, em hor\u00e1rios que n\u00e3o conflitam com sua agenda di\u00e1ria, a prefeita vem mantendo encontros permanentes, ela e sua equipe pol\u00edtica, com segmentos da popula\u00e7\u00e3o conquistense, levando sua mensagem na busca de se reeleger por mais quatro anos \u00e0 frente do executivo municipal.<\/span><!--more--><\/p>\n<p class=\"p1\"><span class=\"s1\">No pr\u00f3ximo dia 20 de julho, s\u00e1bado, Sheila e Alan subir\u00e3o ao palco do Espa\u00e7o Olimpo, em ato solene, para serem homologados pelos convencionais como candidatos a prefeita e a vice-prefeito. O evento contar\u00e1 com a presen\u00e7a do ex-prefeito de Salvador e vice-presidente Nacional do Uni\u00e3o Brasil, ACM Neto, al\u00e9m de deputados, dentre eles, Leo Prates, do PDT.<\/span><\/p>\n<p class=\"p1\"><span class=\"s1\">Ainda faltam tr\u00eas meses para a disputa eleitoral, mas, a cada dia que amanhece, o eleitor conquistense j\u00e1 antecipa o embate como se fosse hoje.<\/span><\/p>\n","protected":false},"excerpt":{"rendered":"<p>Encerrado o per\u00edodo de apari\u00e7\u00f5es como gestora do munic\u00edpio, no que se refere \u00e0 entrega de obras e tamb\u00e9m \u00e0 assinatura de ordens de servi\u00e7o por conta do per\u00edodo eleitoral, a prefeita Sheila Lemos continua cumprindo agenda normal em seu gabinete, acompanhando de perto tudo que j\u00e1 houvera anunciado nesses tr\u00eas anos de governo. Por [&hellip;]<\/p>\n","protected":false},"author":3,"featured_media":45769,"comment_status":"open","ping_status":"open","sticky":false,"template":"","format":"standard","meta":[],"categories":[7,2],"tags":[],"_links":{"self":[{"href":"https:\/\/www.blogdomassinha.com.br\/v1\/wp-json\/wp\/v2\/posts\/45768"}],"collection":[{"href":"https:\/\/www.blogdomassinha.com.br\/v1\/wp-json\/wp\/v2\/posts"}],"about":[{"href":"https:\/\/www.blogdomassinha.com.br\/v1\/wp-json\/wp\/v2\/types\/post"}],"author":[{"embeddable":true,"href":"https:\/\/www.blogdomassinha.com.br\/v1\/wp-json\/wp\/v2\/users\/3"}],"replies":[{"embeddable":true,"href":"https:\/\/www.blogdomassinha.com.br\/v1\/wp-json\/wp\/v2\/comments?post=45768"}],"version-history":[{"count":1,"href":"https:\/\/www.blogdomassinha.com.br\/v1\/wp-json\/wp\/v2\/posts\/45768\/revisions"}],"predecessor-version":[{"id":45770,"href":"https:\/\/www.blogdomassinha.com.br\/v1\/wp-json\/wp\/v2\/posts\/45768\/revisions\/45770"}],"wp:featuredmedia":[{"embeddable":true,"href":"https:\/\/www.blogdomassinha.com.br\/v1\/wp-json\/wp\/v2\/media\/45769"}],"wp:attachment":[{"href":"https:\/\/www.blogdomassinha.com.br\/v1\/wp-json\/wp\/v2\/media?parent=45768"}],"wp:term":[{"taxonomy":"category","embeddable":true,"href":"https:\/\/www.blogdomassinha.com.br\/v1\/wp-json\/wp\/v2\/categories?post=45768"},{"taxonomy":"post_tag","embeddable":true,"href":"https:\/\/www.blogdomassinha.com.br\/v1\/wp-json\/wp\/v2\/tags?post=45768"}],"curies":[{"name":"wp","href":"https:\/\/api.w.org\/{rel}","templated":true}]}}