{"id":45721,"date":"2024-07-12T17:05:19","date_gmt":"2024-07-12T20:05:19","guid":{"rendered":"https:\/\/www.blogdomassinha.com.br\/v1\/?p=45721"},"modified":"2024-07-12T17:05:19","modified_gmt":"2024-07-12T20:05:19","slug":"waldenor-e-luciana-apresentam-a-imprensa-comissao-que-ficara-a-frente-do-plano-de-governo-participativo-pgp","status":"publish","type":"post","link":"https:\/\/www.blogdomassinha.com.br\/v1\/2024\/07\/12\/waldenor-e-luciana-apresentam-a-imprensa-comissao-que-ficara-a-frente-do-plano-de-governo-participativo-pgp\/","title":{"rendered":"Waldenor e Luciana apresentam a imprensa comiss\u00e3o que ficar\u00e1 \u00e0 frente do Plano de Governo Participativo (PGP)"},"content":{"rendered":"<p class=\"p1\"><span class=\"s1\"><img loading=\"lazy\" class=\"size-medium wp-image-45722 alignleft\" src=\"https:\/\/www.blogdomassinha.com.br\/v1\/wp-content\/uploads\/2024\/07\/73fb67a8-ff4a-4acb-923d-a19b8e58081f-300x225.jpeg\" alt=\"\" width=\"300\" height=\"225\" srcset=\"https:\/\/www.blogdomassinha.com.br\/v1\/wp-content\/uploads\/2024\/07\/73fb67a8-ff4a-4acb-923d-a19b8e58081f-300x225.jpeg 300w, https:\/\/www.blogdomassinha.com.br\/v1\/wp-content\/uploads\/2024\/07\/73fb67a8-ff4a-4acb-923d-a19b8e58081f.jpeg 600w\" sizes=\"(max-width: 300px) 100vw, 300px\" \/><br \/>\nNa manh\u00e3 de hoje, 12, o pr\u00e9-candidato \u00e0 prefeitura de Vit\u00f3ria da Conquista, Waldenor Pereira, e sua companheira de chapa, a advogada Luciana Silva, apresentaram \u00e0 imprensa a Comiss\u00e3o de Elabora\u00e7\u00e3o do Plano de Governo Participativo (PGP). Este evento, que vem acontecendo desde 2023, consiste em uma consulta \u00e0 popula\u00e7\u00e3o para ouvir suas demandas, trazer os principais pontos para uma avalia\u00e7\u00e3o interna e, em seguida, formatar um documento, um projeto fruto dos anseios dos conquistenses que vislumbram uma cidade inclusiva e participativa.<\/span><\/p>\n<p class=\"p1\"><span class=\"s1\">Nomes de destaque da nossa municipalidade, das \u00e1reas da ci\u00eancia, educa\u00e7\u00e3o, sa\u00fade, direito e cultura, a pl\u00eaiade que comp\u00f5e a lista de colaboradores, se fizeram presentes ao ato. Numa eventual elei\u00e7\u00e3o de Waldenor e Luciana Silva, esses colaboradores ter\u00e3o o compromisso de colocar em pr\u00e1tica tudo que foi discutido com a popula\u00e7\u00e3o.<\/span><\/p>\n<p class=\"p1\"><span class=\"s1\">A advogada Luciana Silva ficar\u00e1 \u00e0 frente da comiss\u00e3o e, segundo ela, \u201co que temos aqui n\u00e3o \u00e9 uma promessa, \u00e9 um compromisso que assumimos com a sociedade conquistense\u201d, disse a candidata \u00e0 vice, que foi indicada pelo PSB e referendada pelos partidos que comp\u00f5em a frente partid\u00e1ria: PT, PCdoB, PV, PSD, REDE, PSOL e PSB.<\/span><!--more--><\/p>\n<p class=\"p1\"><span class=\"s1\">\u201cVamos continuar discutindo a cidade. O nosso PGP prev\u00ea uma ampla conversa com todos os segmentos da nossa sociedade: sa\u00fade, educa\u00e7\u00e3o, seguran\u00e7a, turismo e cultura, mobilidade urbana. Enfim, todos os problemas que a cidade enfrenta, n\u00f3s iremos buscar as solu\u00e7\u00f5es\u201d, disse Waldenor, um dos fundadores do Partido dos Trabalhadores em Vit\u00f3ria da Conquista.<\/span><\/p>\n<p class=\"p1\"><span class=\"s1\">Segue abaixo tudo sobre a elabora\u00e7\u00e3o do PGP e seus integrantes:<\/span><\/p>\n<p class=\"s2\"><span class=\"s3\">COMISS\u00c3O DE ELABORA\u00c7\u00c3O DO PROGRAMA DE GOVERNO PARTICIPATIVO<\/span><\/p>\n<p class=\"s4\"><span class=\"s5\">1.<\/span><span class=\"s6\">L<\/span><span class=\"s6\">UCIANA SILVA;<\/span><\/p>\n<p class=\"s4\"><span class=\"s5\">2.<\/span><span class=\"s6\">CEZAR LISBOA;<\/span><\/p>\n<p class=\"s4\"><span class=\"s5\">3.<\/span><span class=\"s6\">GUILHERME MENEZES;<\/span><\/p>\n<p class=\"s4\"><span class=\"s5\">4.<\/span><span class=\"s6\">RUI MEDEIROS;<\/span><\/p>\n<p class=\"s4\"><span class=\"s5\">5.<\/span><span class=\"s6\">ESTER MARIA DE FIGUEIREDO;<\/span><\/p>\n<p class=\"s4\"><span class=\"s5\">6.<\/span><span class=\"s6\">CL\u00c1UDIO CARVALHO;<\/span><\/p>\n<p class=\"s4\"><span class=\"s5\">7.<\/span><span class=\"s6\">KEU SOUZA;<\/span><\/p>\n<p class=\"s4\"><span class=\"s5\">8.<\/span><span class=\"s6\">GABRIELA GARRIDO;<\/span><\/p>\n<p class=\"s4\"><span class=\"s5\">9.<\/span><span class=\"s6\">M\u00c1RCIA VIVIANE;<\/span><\/p>\n<p class=\"s4\"><span class=\"s7\">10.<\/span><span class=\"s6\">RICARDO MARQUES;<\/span><\/p>\n<p class=\"s4\"><span class=\"s7\">11.<\/span><span class=\"s6\">ELIAS DOURADO;<\/span><\/p>\n<p class=\"s4\"><span class=\"s7\">12.<\/span><span class=\"s6\">PATR\u00cdCIA BAIER KREPSKY;<\/span><\/p>\n<p class=\"s4\"><span class=\"s7\">13.<\/span><span class=\"s6\">JO\u00c3O OMAR DE CARVALHO MELLO.<\/span><\/p>\n<p class=\"s4\"><span class=\"s7\">14.<\/span><span class=\"s6\">JOS\u00c9 ANTONIO FERNANDES (DR. ZEZINHO).<\/span><\/p>\n","protected":false},"excerpt":{"rendered":"<p>Na manh\u00e3 de hoje, 12, o pr\u00e9-candidato \u00e0 prefeitura de Vit\u00f3ria da Conquista, Waldenor Pereira, e sua companheira de chapa, a advogada Luciana Silva, apresentaram \u00e0 imprensa a Comiss\u00e3o de Elabora\u00e7\u00e3o do Plano de Governo Participativo (PGP). Este evento, que vem acontecendo desde 2023, consiste em uma consulta \u00e0 popula\u00e7\u00e3o para ouvir suas demandas, trazer [&hellip;]<\/p>\n","protected":false},"author":3,"featured_media":45722,"comment_status":"open","ping_status":"open","sticky":false,"template":"","format":"standard","meta":[],"categories":[7,2],"tags":[],"_links":{"self":[{"href":"https:\/\/www.blogdomassinha.com.br\/v1\/wp-json\/wp\/v2\/posts\/45721"}],"collection":[{"href":"https:\/\/www.blogdomassinha.com.br\/v1\/wp-json\/wp\/v2\/posts"}],"about":[{"href":"https:\/\/www.blogdomassinha.com.br\/v1\/wp-json\/wp\/v2\/types\/post"}],"author":[{"embeddable":true,"href":"https:\/\/www.blogdomassinha.com.br\/v1\/wp-json\/wp\/v2\/users\/3"}],"replies":[{"embeddable":true,"href":"https:\/\/www.blogdomassinha.com.br\/v1\/wp-json\/wp\/v2\/comments?post=45721"}],"version-history":[{"count":1,"href":"https:\/\/www.blogdomassinha.com.br\/v1\/wp-json\/wp\/v2\/posts\/45721\/revisions"}],"predecessor-version":[{"id":45723,"href":"https:\/\/www.blogdomassinha.com.br\/v1\/wp-json\/wp\/v2\/posts\/45721\/revisions\/45723"}],"wp:featuredmedia":[{"embeddable":true,"href":"https:\/\/www.blogdomassinha.com.br\/v1\/wp-json\/wp\/v2\/media\/45722"}],"wp:attachment":[{"href":"https:\/\/www.blogdomassinha.com.br\/v1\/wp-json\/wp\/v2\/media?parent=45721"}],"wp:term":[{"taxonomy":"category","embeddable":true,"href":"https:\/\/www.blogdomassinha.com.br\/v1\/wp-json\/wp\/v2\/categories?post=45721"},{"taxonomy":"post_tag","embeddable":true,"href":"https:\/\/www.blogdomassinha.com.br\/v1\/wp-json\/wp\/v2\/tags?post=45721"}],"curies":[{"name":"wp","href":"https:\/\/api.w.org\/{rel}","templated":true}]}}