{"id":45693,"date":"2024-07-10T16:58:24","date_gmt":"2024-07-10T19:58:24","guid":{"rendered":"https:\/\/www.blogdomassinha.com.br\/v1\/?p=45693"},"modified":"2024-07-10T16:58:24","modified_gmt":"2024-07-10T19:58:24","slug":"joao-de-deus-se-despede-do-detran-para-concorrer-a-vereador","status":"publish","type":"post","link":"https:\/\/www.blogdomassinha.com.br\/v1\/2024\/07\/10\/joao-de-deus-se-despede-do-detran-para-concorrer-a-vereador\/","title":{"rendered":"Jo\u00e3o de Deus se despede do Detran para concorrer a vereador"},"content":{"rendered":"<p class=\"p1\"><span class=\"s1\"><img loading=\"lazy\" class=\"alignright size-medium wp-image-45694\" src=\"https:\/\/www.blogdomassinha.com.br\/v1\/wp-content\/uploads\/2024\/07\/1225bd08-52a8-4c6d-a6d5-e0a8ad4fd4dc-300x225.jpeg\" alt=\"\" width=\"300\" height=\"225\" srcset=\"https:\/\/www.blogdomassinha.com.br\/v1\/wp-content\/uploads\/2024\/07\/1225bd08-52a8-4c6d-a6d5-e0a8ad4fd4dc-300x225.jpeg 300w, https:\/\/www.blogdomassinha.com.br\/v1\/wp-content\/uploads\/2024\/07\/1225bd08-52a8-4c6d-a6d5-e0a8ad4fd4dc.jpeg 600w\" sizes=\"(max-width: 300px) 100vw, 300px\" \/><br \/>\nJo\u00e3o Rodrigues Salom\u00e3o Neto, o popular Jo\u00e3o de Deus, que ocupava o cargo de Coordenador III da 4\u00aa Ciretran em Vit\u00f3ria da Conquista, anunciou sua sa\u00edda do Detran para disputar uma vaga como vereador do munic\u00edpio pelo partido Avante.<\/span><\/p>\n<p class=\"p1\"><span class=\"s1\">A decis\u00e3o foi comunicada atrav\u00e9s de um v\u00eddeo divulgado em suas redes sociais, no qual Jo\u00e3o faz uma despedida p\u00fablica ap\u00f3s anos de servi\u00e7os prestados \u00e0 administra\u00e7\u00e3o estadual.<\/span><\/p>\n<p class=\"p1\"><span class=\"s1\">Confira na \u00edntegra o v\u00eddeo de despedida de Jo\u00e3o de Deus:<\/span><\/p>\n<p><a href=\"https:\/\/www.instagram.com\/reel\/C9LlbgYPeve\/?igsh=MXU1M3B2cDJmODZmdQ==\">https:\/\/www.instagram.com\/reel\/C9LlbgYPeve\/?igsh=MXU1M3B2cDJmODZmdQ==<\/a><\/p>\n","protected":false},"excerpt":{"rendered":"<p>Jo\u00e3o Rodrigues Salom\u00e3o Neto, o popular Jo\u00e3o de Deus, que ocupava o cargo de Coordenador III da 4\u00aa Ciretran em Vit\u00f3ria da Conquista, anunciou sua sa\u00edda do Detran para disputar uma vaga como vereador do munic\u00edpio pelo partido Avante. A decis\u00e3o foi comunicada atrav\u00e9s de um v\u00eddeo divulgado em suas redes sociais, no qual Jo\u00e3o [&hellip;]<\/p>\n","protected":false},"author":3,"featured_media":45694,"comment_status":"open","ping_status":"open","sticky":false,"template":"","format":"standard","meta":[],"categories":[7,1,2],"tags":[],"_links":{"self":[{"href":"https:\/\/www.blogdomassinha.com.br\/v1\/wp-json\/wp\/v2\/posts\/45693"}],"collection":[{"href":"https:\/\/www.blogdomassinha.com.br\/v1\/wp-json\/wp\/v2\/posts"}],"about":[{"href":"https:\/\/www.blogdomassinha.com.br\/v1\/wp-json\/wp\/v2\/types\/post"}],"author":[{"embeddable":true,"href":"https:\/\/www.blogdomassinha.com.br\/v1\/wp-json\/wp\/v2\/users\/3"}],"replies":[{"embeddable":true,"href":"https:\/\/www.blogdomassinha.com.br\/v1\/wp-json\/wp\/v2\/comments?post=45693"}],"version-history":[{"count":1,"href":"https:\/\/www.blogdomassinha.com.br\/v1\/wp-json\/wp\/v2\/posts\/45693\/revisions"}],"predecessor-version":[{"id":45695,"href":"https:\/\/www.blogdomassinha.com.br\/v1\/wp-json\/wp\/v2\/posts\/45693\/revisions\/45695"}],"wp:featuredmedia":[{"embeddable":true,"href":"https:\/\/www.blogdomassinha.com.br\/v1\/wp-json\/wp\/v2\/media\/45694"}],"wp:attachment":[{"href":"https:\/\/www.blogdomassinha.com.br\/v1\/wp-json\/wp\/v2\/media?parent=45693"}],"wp:term":[{"taxonomy":"category","embeddable":true,"href":"https:\/\/www.blogdomassinha.com.br\/v1\/wp-json\/wp\/v2\/categories?post=45693"},{"taxonomy":"post_tag","embeddable":true,"href":"https:\/\/www.blogdomassinha.com.br\/v1\/wp-json\/wp\/v2\/tags?post=45693"}],"curies":[{"name":"wp","href":"https:\/\/api.w.org\/{rel}","templated":true}]}}