{"id":45687,"date":"2024-07-10T16:47:39","date_gmt":"2024-07-10T19:47:39","guid":{"rendered":"https:\/\/www.blogdomassinha.com.br\/v1\/?p=45687"},"modified":"2024-07-10T16:47:39","modified_gmt":"2024-07-10T19:47:39","slug":"pdt-decide-apoiar-candidatura-de-elmar-nascimento","status":"publish","type":"post","link":"https:\/\/www.blogdomassinha.com.br\/v1\/2024\/07\/10\/pdt-decide-apoiar-candidatura-de-elmar-nascimento\/","title":{"rendered":"PDT decide apoiar candidatura de Elmar Nascimento"},"content":{"rendered":"<p class=\"p1\"><span class=\"s1\"><img loading=\"lazy\" class=\"alignright size-medium wp-image-45688\" src=\"https:\/\/www.blogdomassinha.com.br\/v1\/wp-content\/uploads\/2024\/07\/c058b433-177d-4308-ad29-5c4e1c777301-300x225.jpeg\" alt=\"\" width=\"300\" height=\"225\" srcset=\"https:\/\/www.blogdomassinha.com.br\/v1\/wp-content\/uploads\/2024\/07\/c058b433-177d-4308-ad29-5c4e1c777301-300x225.jpeg 300w, https:\/\/www.blogdomassinha.com.br\/v1\/wp-content\/uploads\/2024\/07\/c058b433-177d-4308-ad29-5c4e1c777301.jpeg 600w\" sizes=\"(max-width: 300px) 100vw, 300px\" \/><br \/>\nA Executiva Nacional do PDT, em Bras\u00edlia, fechou acordo para apoiar a candidatura do deputado Elmar Nascimento \u00e0 presid\u00eancia da C\u00e2mara Federal. <\/span><\/p>\n<p class=\"p1\"><span class=\"s1\">\u201cElmar \u00e9 uma figura importante na pol\u00edtica da Bahia com uma atua\u00e7\u00e3o de peso na C\u00e2mara em favor do povo baiano. Fico feliz com o apoio do nosso partido \u00e0 sua candidatura que certamente manter\u00e1 o bom trabalho que vem sendo feito pela atual presid\u00eancia\u201d, declarou Leo Prates.<\/span><\/p>\n<p class=\"p1\"><span class=\"s1\">A elei\u00e7\u00e3o para o novo presidente da C\u00e2mara come\u00e7a no in\u00edcio do ano que vem e a candidatura de Elmar tamb\u00e9m tem apoio do atual mandat\u00e1rio, deputado Arthur Lira.<\/span><\/p>\n","protected":false},"excerpt":{"rendered":"<p>A Executiva Nacional do PDT, em Bras\u00edlia, fechou acordo para apoiar a candidatura do deputado Elmar Nascimento \u00e0 presid\u00eancia da C\u00e2mara Federal. \u201cElmar \u00e9 uma figura importante na pol\u00edtica da Bahia com uma atua\u00e7\u00e3o de peso na C\u00e2mara em favor do povo baiano. Fico feliz com o apoio do nosso partido \u00e0 sua candidatura que [&hellip;]<\/p>\n","protected":false},"author":3,"featured_media":45688,"comment_status":"open","ping_status":"open","sticky":false,"template":"","format":"standard","meta":[],"categories":[7,2],"tags":[],"_links":{"self":[{"href":"https:\/\/www.blogdomassinha.com.br\/v1\/wp-json\/wp\/v2\/posts\/45687"}],"collection":[{"href":"https:\/\/www.blogdomassinha.com.br\/v1\/wp-json\/wp\/v2\/posts"}],"about":[{"href":"https:\/\/www.blogdomassinha.com.br\/v1\/wp-json\/wp\/v2\/types\/post"}],"author":[{"embeddable":true,"href":"https:\/\/www.blogdomassinha.com.br\/v1\/wp-json\/wp\/v2\/users\/3"}],"replies":[{"embeddable":true,"href":"https:\/\/www.blogdomassinha.com.br\/v1\/wp-json\/wp\/v2\/comments?post=45687"}],"version-history":[{"count":1,"href":"https:\/\/www.blogdomassinha.com.br\/v1\/wp-json\/wp\/v2\/posts\/45687\/revisions"}],"predecessor-version":[{"id":45689,"href":"https:\/\/www.blogdomassinha.com.br\/v1\/wp-json\/wp\/v2\/posts\/45687\/revisions\/45689"}],"wp:featuredmedia":[{"embeddable":true,"href":"https:\/\/www.blogdomassinha.com.br\/v1\/wp-json\/wp\/v2\/media\/45688"}],"wp:attachment":[{"href":"https:\/\/www.blogdomassinha.com.br\/v1\/wp-json\/wp\/v2\/media?parent=45687"}],"wp:term":[{"taxonomy":"category","embeddable":true,"href":"https:\/\/www.blogdomassinha.com.br\/v1\/wp-json\/wp\/v2\/categories?post=45687"},{"taxonomy":"post_tag","embeddable":true,"href":"https:\/\/www.blogdomassinha.com.br\/v1\/wp-json\/wp\/v2\/tags?post=45687"}],"curies":[{"name":"wp","href":"https:\/\/api.w.org\/{rel}","templated":true}]}}