{"id":45672,"date":"2024-07-09T11:26:25","date_gmt":"2024-07-09T14:26:25","guid":{"rendered":"https:\/\/www.blogdomassinha.com.br\/v1\/?p=45672"},"modified":"2024-07-09T12:38:39","modified_gmt":"2024-07-09T15:38:39","slug":"acm-neto-x-jeronimo-ja-comecou-a-disputa-pelo-governo-do-estado-sao-farpas-pra-la-farpas-pra-ca","status":"publish","type":"post","link":"https:\/\/www.blogdomassinha.com.br\/v1\/2024\/07\/09\/acm-neto-x-jeronimo-ja-comecou-a-disputa-pelo-governo-do-estado-sao-farpas-pra-la-farpas-pra-ca\/","title":{"rendered":"ACM Neto x Jer\u00f4nimo: j\u00e1 come\u00e7ou a disputa pelo governo do estado! S\u00e3o farpas pra l\u00e1, farpas pra c\u00e1\u2026"},"content":{"rendered":"<p class=\"p1\"><span class=\"s1\"><img loading=\"lazy\" class=\"alignright size-medium wp-image-45673\" src=\"https:\/\/www.blogdomassinha.com.br\/v1\/wp-content\/uploads\/2024\/07\/6ae57843-f4c9-43bf-a395-bfc6ef5fd794-300x201.jpeg\" alt=\"\" width=\"300\" height=\"201\" srcset=\"https:\/\/www.blogdomassinha.com.br\/v1\/wp-content\/uploads\/2024\/07\/6ae57843-f4c9-43bf-a395-bfc6ef5fd794-300x201.jpeg 300w, https:\/\/www.blogdomassinha.com.br\/v1\/wp-content\/uploads\/2024\/07\/6ae57843-f4c9-43bf-a395-bfc6ef5fd794.jpeg 600w\" sizes=\"(max-width: 300px) 100vw, 300px\" \/><br \/>\nA disputa pelo comando administrativo do estado da Bahia ser\u00e1 somente em 2026, mas o embate entre os prov\u00e1veis aspirantes ao cargo j\u00e1 come\u00e7ou. O atual mandat\u00e1rio, Jer\u00f4nimo Rodrigues, com certeza ser\u00e1 candidato \u00e0 reelei\u00e7\u00e3o, enquanto que pela oposi\u00e7\u00e3o n\u00e3o vemos nenhum outro nome com capacidade eleitoral e lideran\u00e7a para ocupar o lugar de ACM Neto, sem d\u00favidas, o nome mais forte para impedir mais um pleito vitorioso a favor do PT e dos partidos coligados.<\/span><\/p>\n<p class=\"p1\"><span class=\"s1\">Tudo bem, tudo certo que a disputa agora s\u00e3o as prefeituras baianas, mas \u00e9 nelas que se concentram as aten\u00e7\u00f5es dos dois concorrentes. Eles sabem que no interior est\u00e3o os votos que definir\u00e3o o futuro do pr\u00f3ximo governante do nosso estado, porque os \u00faltimos resultados mostram que o PT amarga pontos negativos nos confrontos na capital.<\/span><\/p>\n<p class=\"p1\"><span class=\"s1\">Quem n\u00e3o est\u00e1 alheio aos n\u00fameros \u00e9 o presidente do Partido dos Trabalhadores, Eden Valadares. O petista tem feito cr\u00edticas incisivas ao Neto do velho ACM.<\/span><\/p>\n<p class=\"p1\"><span class=\"s1\">A \u201crusga\u201d \u00e9 quase que di\u00e1ria; veja a mais recente provoca\u00e7\u00e3o que Neto fez ao governador Jer\u00f4nimo Rodrigues:<\/span><!--more--><\/p>\n<p class=\"p1\"><strong><span class=\"s1\">ACM Neto condena Governo Jer\u00f4nimo por permitir que traficantes cobrem ped\u00e1gio em comunidades de Salvador: &#8216;Pouca vergonha&#8217;<\/span><\/strong><\/p>\n<p class=\"p1\"><span class=\"s1\">O vice-presidente do Uni\u00e3o Brasil, ACM Neto, condenou o Governo Jer\u00f4nimo por permitir que chefes de tr\u00e1fico de drogas cobrem ped\u00e1gio em comunidades de Salvador. Neto destacou a necessidade de mudan\u00e7as urgentes para combater a viol\u00eancia e o tr\u00e1fico de drogas nas comunidades da cidade.<\/span><\/p>\n<p class=\"p1\"><span class=\"s1\">&#8220;Muitas vezes hoje, para entrar numa comunidade de Salvador tem que pagar ped\u00e1gio ao chefe do tr\u00e1fico de drogas por essa pouca vergonha que se instalou na seguran\u00e7a p\u00fablica&#8221;, afirmou ACM Neto.<\/span><\/p>\n<p class=\"p1\"><span class=\"s1\">O presidente da Funda\u00e7\u00e3o \u00cdndigo prometeu levar sua luta adiante, utilizando seu principal recurso: a voz. &#8220;E \u00e9 exatamente para representar os milh\u00f5es de baianos que n\u00e3o aceitam isso, que querem ordem, querem paz, querem que preserve as fam\u00edlias, querem que cuide das vidas, eu estou aqui, vou para a luta, vou para o campo de batalha com o instrumento mais valioso que eu tenho na minha vida, que \u00e9 a minha voz. Quem me conhece sabe que eu sou um defensor intransigente da democracia, porque \u00e9 nela que a gente pode se expressar, \u00e9 nela que a gente pode dizer o que a gente pensa&#8221;, declarou.<\/span><\/p>\n<p class=\"p1\"><span class=\"s1\">O ex-prefeito de Salvador tamb\u00e9m reafirmou sua posi\u00e7\u00e3o como opositor ao governo estadual, argumentando que sua convic\u00e7\u00e3o e coragem s\u00e3o refor\u00e7adas pelas cr\u00edticas e ataques que recebe. &#8220;Eu hoje estou na oposi\u00e7\u00e3o ao governo do Estado da Bahia com toda convic\u00e7\u00e3o e coragem. E cada vez que eu vejo que a resposta deles, alguma cr\u00edtica minha, \u00e9 me atacando, eu vejo que vale a pena continuar a luta. Eles podem continuar me atacando, mas n\u00e3o v\u00e3o me calar&#8221;, enfatizou.<\/span><\/p>\n","protected":false},"excerpt":{"rendered":"<p>A disputa pelo comando administrativo do estado da Bahia ser\u00e1 somente em 2026, mas o embate entre os prov\u00e1veis aspirantes ao cargo j\u00e1 come\u00e7ou. O atual mandat\u00e1rio, Jer\u00f4nimo Rodrigues, com certeza ser\u00e1 candidato \u00e0 reelei\u00e7\u00e3o, enquanto que pela oposi\u00e7\u00e3o n\u00e3o vemos nenhum outro nome com capacidade eleitoral e lideran\u00e7a para ocupar o lugar de ACM [&hellip;]<\/p>\n","protected":false},"author":3,"featured_media":45673,"comment_status":"open","ping_status":"open","sticky":false,"template":"","format":"standard","meta":[],"categories":[7,2],"tags":[],"_links":{"self":[{"href":"https:\/\/www.blogdomassinha.com.br\/v1\/wp-json\/wp\/v2\/posts\/45672"}],"collection":[{"href":"https:\/\/www.blogdomassinha.com.br\/v1\/wp-json\/wp\/v2\/posts"}],"about":[{"href":"https:\/\/www.blogdomassinha.com.br\/v1\/wp-json\/wp\/v2\/types\/post"}],"author":[{"embeddable":true,"href":"https:\/\/www.blogdomassinha.com.br\/v1\/wp-json\/wp\/v2\/users\/3"}],"replies":[{"embeddable":true,"href":"https:\/\/www.blogdomassinha.com.br\/v1\/wp-json\/wp\/v2\/comments?post=45672"}],"version-history":[{"count":2,"href":"https:\/\/www.blogdomassinha.com.br\/v1\/wp-json\/wp\/v2\/posts\/45672\/revisions"}],"predecessor-version":[{"id":45681,"href":"https:\/\/www.blogdomassinha.com.br\/v1\/wp-json\/wp\/v2\/posts\/45672\/revisions\/45681"}],"wp:featuredmedia":[{"embeddable":true,"href":"https:\/\/www.blogdomassinha.com.br\/v1\/wp-json\/wp\/v2\/media\/45673"}],"wp:attachment":[{"href":"https:\/\/www.blogdomassinha.com.br\/v1\/wp-json\/wp\/v2\/media?parent=45672"}],"wp:term":[{"taxonomy":"category","embeddable":true,"href":"https:\/\/www.blogdomassinha.com.br\/v1\/wp-json\/wp\/v2\/categories?post=45672"},{"taxonomy":"post_tag","embeddable":true,"href":"https:\/\/www.blogdomassinha.com.br\/v1\/wp-json\/wp\/v2\/tags?post=45672"}],"curies":[{"name":"wp","href":"https:\/\/api.w.org\/{rel}","templated":true}]}}