{"id":45604,"date":"2024-07-03T18:40:26","date_gmt":"2024-07-03T21:40:26","guid":{"rendered":"https:\/\/www.blogdomassinha.com.br\/v1\/?p=45604"},"modified":"2024-07-03T18:40:26","modified_gmt":"2024-07-03T21:40:26","slug":"subcomissao-de-saude-inicia-debate-sobre-o-pl-dos-planos","status":"publish","type":"post","link":"https:\/\/www.blogdomassinha.com.br\/v1\/2024\/07\/03\/subcomissao-de-saude-inicia-debate-sobre-o-pl-dos-planos\/","title":{"rendered":"Subcomiss\u00e3o de Sa\u00fade inicia debate sobre o PL dos Planos"},"content":{"rendered":"<p class=\"p1\"><span class=\"s1\"><img loading=\"lazy\" class=\"size-medium wp-image-45605 alignleft\" src=\"https:\/\/www.blogdomassinha.com.br\/v1\/wp-content\/uploads\/2024\/07\/ae398af0-67f5-4f66-92ee-8c6e6a1fb074-300x201.jpeg\" alt=\"\" width=\"300\" height=\"201\" srcset=\"https:\/\/www.blogdomassinha.com.br\/v1\/wp-content\/uploads\/2024\/07\/ae398af0-67f5-4f66-92ee-8c6e6a1fb074-300x201.jpeg 300w, https:\/\/www.blogdomassinha.com.br\/v1\/wp-content\/uploads\/2024\/07\/ae398af0-67f5-4f66-92ee-8c6e6a1fb074.jpeg 600w\" sizes=\"(max-width: 300px) 100vw, 300px\" \/><br \/>\nO deputado federal Leo Prates conduziu nesta quarta-feira (3\/7) a primeira reuni\u00e3o da Subcomiss\u00e3o Permanente de Planos Privados Assist. Sa\u00fade (Csaude\/Subplan). Seus integrantes ir\u00e3o analisar o projeto 7419\/2006, em que o deputado Duarte Jr \u00e9 relator, que trata da regula\u00e7\u00e3o dos planos de sa\u00fade. O objetivo \u00e9 aperfei\u00e7oa-lo para que possa ser apreciado em plen\u00e1rio.<\/span><\/p>\n<p class=\"p1\"><span class=\"s1\">\u201cQueremos tratar cada ponto do projeto priorizando o consumidor, especialmente os pacientes em tratamento mental. \u00c9 preciso que uma regula\u00e7\u00e3o seja estabelecida para que contribuintes tenham garantido o atendimento m\u00e9dico contratado\u201d, declarou Leo.<\/span><\/p>\n<p class=\"p1\"><span class=\"s1\">O projeto possui outras propostas apensadas e j\u00e1 foi debatido e aprovado em todas as comiss\u00f5es relacionadas. A ideia da Subplan \u00e9 aperfei\u00e7oar alguns pontos do PL e atrair o Executivo para o debate, j\u00e1 que o Minist\u00e9rio da Sa\u00fade tamb\u00e9m \u00e9 envolvido no processo quando uma operadora n\u00e3o autoriza um procedimento e o paciente \u00e9 obrigado a procurar atendimento p\u00fablico.<\/span><\/p>\n","protected":false},"excerpt":{"rendered":"<p>O deputado federal Leo Prates conduziu nesta quarta-feira (3\/7) a primeira reuni\u00e3o da Subcomiss\u00e3o Permanente de Planos Privados Assist. Sa\u00fade (Csaude\/Subplan). Seus integrantes ir\u00e3o analisar o projeto 7419\/2006, em que o deputado Duarte Jr \u00e9 relator, que trata da regula\u00e7\u00e3o dos planos de sa\u00fade. O objetivo \u00e9 aperfei\u00e7oa-lo para que possa ser apreciado em plen\u00e1rio. [&hellip;]<\/p>\n","protected":false},"author":3,"featured_media":45605,"comment_status":"open","ping_status":"open","sticky":false,"template":"","format":"standard","meta":[],"categories":[7,1],"tags":[],"_links":{"self":[{"href":"https:\/\/www.blogdomassinha.com.br\/v1\/wp-json\/wp\/v2\/posts\/45604"}],"collection":[{"href":"https:\/\/www.blogdomassinha.com.br\/v1\/wp-json\/wp\/v2\/posts"}],"about":[{"href":"https:\/\/www.blogdomassinha.com.br\/v1\/wp-json\/wp\/v2\/types\/post"}],"author":[{"embeddable":true,"href":"https:\/\/www.blogdomassinha.com.br\/v1\/wp-json\/wp\/v2\/users\/3"}],"replies":[{"embeddable":true,"href":"https:\/\/www.blogdomassinha.com.br\/v1\/wp-json\/wp\/v2\/comments?post=45604"}],"version-history":[{"count":1,"href":"https:\/\/www.blogdomassinha.com.br\/v1\/wp-json\/wp\/v2\/posts\/45604\/revisions"}],"predecessor-version":[{"id":45606,"href":"https:\/\/www.blogdomassinha.com.br\/v1\/wp-json\/wp\/v2\/posts\/45604\/revisions\/45606"}],"wp:featuredmedia":[{"embeddable":true,"href":"https:\/\/www.blogdomassinha.com.br\/v1\/wp-json\/wp\/v2\/media\/45605"}],"wp:attachment":[{"href":"https:\/\/www.blogdomassinha.com.br\/v1\/wp-json\/wp\/v2\/media?parent=45604"}],"wp:term":[{"taxonomy":"category","embeddable":true,"href":"https:\/\/www.blogdomassinha.com.br\/v1\/wp-json\/wp\/v2\/categories?post=45604"},{"taxonomy":"post_tag","embeddable":true,"href":"https:\/\/www.blogdomassinha.com.br\/v1\/wp-json\/wp\/v2\/tags?post=45604"}],"curies":[{"name":"wp","href":"https:\/\/api.w.org\/{rel}","templated":true}]}}