{"id":42750,"date":"2023-12-31T17:09:20","date_gmt":"2023-12-31T20:09:20","guid":{"rendered":"https:\/\/www.blogdomassinha.com.br\/v1\/?p=42750"},"modified":"2023-12-31T17:09:20","modified_gmt":"2023-12-31T20:09:20","slug":"bell-marques-em-20-de-abril-vai-subir-no-trio-eletrico-e-comandar-o-bloco-massicas-na-miconquista-2024","status":"publish","type":"post","link":"https:\/\/www.blogdomassinha.com.br\/v1\/2023\/12\/31\/bell-marques-em-20-de-abril-vai-subir-no-trio-eletrico-e-comandar-o-bloco-massicas-na-miconquista-2024\/","title":{"rendered":"Bell Marques, em 20 de abril, vai subir no trio el\u00e9trico e comandar o Bloco Massicas na Miconquista 2024"},"content":{"rendered":"<p class=\"p1\"><img loading=\"lazy\" class=\"alignright size-medium wp-image-42751\" src=\"https:\/\/www.blogdomassinha.com.br\/v1\/wp-content\/uploads\/2023\/12\/f389c0b9-17bf-4f15-9b7d-46954ff5e905-300x300.jpeg\" alt=\"\" width=\"300\" height=\"300\" srcset=\"https:\/\/www.blogdomassinha.com.br\/v1\/wp-content\/uploads\/2023\/12\/f389c0b9-17bf-4f15-9b7d-46954ff5e905-300x300.jpeg 300w, https:\/\/www.blogdomassinha.com.br\/v1\/wp-content\/uploads\/2023\/12\/f389c0b9-17bf-4f15-9b7d-46954ff5e905-150x150.jpeg 150w, https:\/\/www.blogdomassinha.com.br\/v1\/wp-content\/uploads\/2023\/12\/f389c0b9-17bf-4f15-9b7d-46954ff5e905.jpeg 500w\" sizes=\"(max-width: 300px) 100vw, 300px\" \/><\/p>\n<p class=\"p1\"><span class=\"s1\">Em 1993 eu fiquei sem ch\u00e3o quando Jorginho Sampaio, da produtora Selva Branca, falecido recentemente, ent\u00e3o empres\u00e1rio de Daniela Mercury, me ligou e disse: \u201cesse ano n\u00e3o temos como ir, na mesma data temos a Micareta de Linhares (ES)\u201d. J\u00e1 est\u00e1vamos acostumados com Daniela, nem passava pela cabe\u00e7a da nossa diretoria buscar outra atra\u00e7\u00e3o e muito menos numa condi\u00e7\u00e3o como essa.<\/span><\/p>\n<p class=\"p1\"><span class=\"s1\">\u201cAgora \u00e9 contratar o Chiclete Com Banana, a\u00ed n\u00e3o tem pra ningu\u00e9m, \u00e9 a \u00fanica salva\u00e7\u00e3o pra gente\u201d, disse Tereza Cristina em reuni\u00e3o que convoquei para dar a not\u00edcia do acontecido.<\/span><\/p>\n<p class=\"p1\"><span class=\"s1\">xxxxxxxxxxxx<\/span><\/p>\n<p class=\"p1\"><span class=\"s1\">Devaneio da nossa amiga, hoje residindo na Holanda. S\u00f3 que n\u00e3o t\u00ednhamos alternativa e fomos atr\u00e1s da mais famosa banda de ax\u00e9.<\/span><\/p>\n<p><img loading=\"lazy\" class=\"size-medium wp-image-42752 alignleft\" src=\"https:\/\/www.blogdomassinha.com.br\/v1\/wp-content\/uploads\/2023\/12\/47d7ee8a-69c0-44a3-94da-e55571d9635b-243x300.jpeg\" alt=\"\" width=\"243\" height=\"300\" srcset=\"https:\/\/www.blogdomassinha.com.br\/v1\/wp-content\/uploads\/2023\/12\/47d7ee8a-69c0-44a3-94da-e55571d9635b-243x300.jpeg 243w, https:\/\/www.blogdomassinha.com.br\/v1\/wp-content\/uploads\/2023\/12\/47d7ee8a-69c0-44a3-94da-e55571d9635b.jpeg 405w\" sizes=\"(max-width: 243px) 100vw, 243px\" \/><\/p>\n<p class=\"p1\"><span class=\"s1\">O contrato foi feito em d\u00f3lar, valeu a pena, sucesso total, foram tr\u00eas dias de Bell Marques no comando do Chiclete, levando os foli\u00f5es do Massicas a loucura.<\/span><\/p>\n<p class=\"p1\"><span class=\"s1\">Da\u00ed pra frente voc\u00ea j\u00e1 conhece a hist\u00f3ria, foi uma rela\u00e7\u00e3o de cumplicidade entre bloco, banda e Vit\u00f3ria da Conquista.<\/span><\/p>\n<p class=\"p1\"><span class=\"s1\">O que ningu\u00e9m esperava aconteceu, a Miconquista deixou de acontecer, mesmo assim bloco e banda continuaram juntos. O Massicas Indoor substituiu a festa de rua, claro, ficou a saudade de brincar atr\u00e1s do trio.<\/span><!--more--><\/p>\n<p class=\"p1\"><span class=\"s1\">xxxxxxxxxxxx<\/span><\/p>\n<p><img loading=\"lazy\" class=\"alignright size-medium wp-image-42753\" src=\"https:\/\/www.blogdomassinha.com.br\/v1\/wp-content\/uploads\/2023\/12\/647a30f8-289a-4e16-9940-3708daf2aa36-225x300.jpeg\" alt=\"\" width=\"225\" height=\"300\" srcset=\"https:\/\/www.blogdomassinha.com.br\/v1\/wp-content\/uploads\/2023\/12\/647a30f8-289a-4e16-9940-3708daf2aa36-225x300.jpeg 225w, https:\/\/www.blogdomassinha.com.br\/v1\/wp-content\/uploads\/2023\/12\/647a30f8-289a-4e16-9940-3708daf2aa36.jpeg 375w\" sizes=\"(max-width: 225px) 100vw, 225px\" \/><\/p>\n<p class=\"p1\"><span class=\"s1\">Depois de uma longa trajet\u00f3ria de sucesso, fazendo shows, cantando juntos pelo Brasil e por alguns pa\u00edses, os componentes do Chiclete surpreenderam os f\u00e3s e anunciaram o fim da caminhada. A banda continuou e Bell seguiu carreira solo.<\/span><\/p>\n<p class=\"p1\"><span class=\"s1\">Em 2012, antes da separa\u00e7\u00e3o, fizemos o Massicas Na Rua, evento que serviu para matar a saudade da Miconquista e serviu de ensaio para o retorno da festa depois de algumas tentativas.<\/span><\/p>\n<p class=\"p1\"><span class=\"s1\">Finalmente, nos dias 20 e 21 de abril de 2023, no circuito do Boulevard Shopping, o foli\u00e3o do Massicas lavou a alma, literalmente, debaixo de chuva curtiu ao som de Ivete, Babado, Harmonia, Brown e Jau, a magia de se divertir a c\u00e9u aberto, sendo conduzido por um caminh\u00e3o carregado de m\u00fasica e de alegria. S\u00f3 que a festa n\u00e3o foi completa, Bell n\u00e3o veio.<\/span><\/p>\n<p><img loading=\"lazy\" class=\"size-medium wp-image-42754 alignleft\" src=\"https:\/\/www.blogdomassinha.com.br\/v1\/wp-content\/uploads\/2023\/12\/6d8e2562-36d4-41ff-a65b-00e638d52099-300x225.jpeg\" alt=\"\" width=\"300\" height=\"225\" srcset=\"https:\/\/www.blogdomassinha.com.br\/v1\/wp-content\/uploads\/2023\/12\/6d8e2562-36d4-41ff-a65b-00e638d52099-300x225.jpeg 300w, https:\/\/www.blogdomassinha.com.br\/v1\/wp-content\/uploads\/2023\/12\/6d8e2562-36d4-41ff-a65b-00e638d52099.jpeg 600w\" sizes=\"(max-width: 300px) 100vw, 300px\" \/><\/p>\n<p class=\"p1\"><span class=\"s1\">Em 2024, no dia 20 de abril, s\u00e1bado, Vit\u00f3ria da Conquista j\u00e1 se prepara para receber o seu grande \u00eddolo, ser\u00e1 um dia inesquec\u00edvel, ser\u00e1 o come\u00e7o de uma nova hist\u00f3ria.<\/span><\/p>\n<p class=\"p1\"><span class=\"s1\">\u00c9 como diz a m\u00fasica composta por Bell: \u201cVit\u00f3ria da Conquista, no Massicas vou te ver\u201d!<\/span><\/p>\n","protected":false},"excerpt":{"rendered":"<p>Em 1993 eu fiquei sem ch\u00e3o quando Jorginho Sampaio, da produtora Selva Branca, falecido recentemente, ent\u00e3o empres\u00e1rio de Daniela Mercury, me ligou e disse: \u201cesse ano n\u00e3o temos como ir, na mesma data temos a Micareta de Linhares (ES)\u201d. J\u00e1 est\u00e1vamos acostumados com Daniela, nem passava pela cabe\u00e7a da nossa diretoria buscar outra atra\u00e7\u00e3o e [&hellip;]<\/p>\n","protected":false},"author":3,"featured_media":42751,"comment_status":"open","ping_status":"open","sticky":false,"template":"","format":"standard","meta":[],"categories":[7,3],"tags":[],"_links":{"self":[{"href":"https:\/\/www.blogdomassinha.com.br\/v1\/wp-json\/wp\/v2\/posts\/42750"}],"collection":[{"href":"https:\/\/www.blogdomassinha.com.br\/v1\/wp-json\/wp\/v2\/posts"}],"about":[{"href":"https:\/\/www.blogdomassinha.com.br\/v1\/wp-json\/wp\/v2\/types\/post"}],"author":[{"embeddable":true,"href":"https:\/\/www.blogdomassinha.com.br\/v1\/wp-json\/wp\/v2\/users\/3"}],"replies":[{"embeddable":true,"href":"https:\/\/www.blogdomassinha.com.br\/v1\/wp-json\/wp\/v2\/comments?post=42750"}],"version-history":[{"count":1,"href":"https:\/\/www.blogdomassinha.com.br\/v1\/wp-json\/wp\/v2\/posts\/42750\/revisions"}],"predecessor-version":[{"id":42755,"href":"https:\/\/www.blogdomassinha.com.br\/v1\/wp-json\/wp\/v2\/posts\/42750\/revisions\/42755"}],"wp:featuredmedia":[{"embeddable":true,"href":"https:\/\/www.blogdomassinha.com.br\/v1\/wp-json\/wp\/v2\/media\/42751"}],"wp:attachment":[{"href":"https:\/\/www.blogdomassinha.com.br\/v1\/wp-json\/wp\/v2\/media?parent=42750"}],"wp:term":[{"taxonomy":"category","embeddable":true,"href":"https:\/\/www.blogdomassinha.com.br\/v1\/wp-json\/wp\/v2\/categories?post=42750"},{"taxonomy":"post_tag","embeddable":true,"href":"https:\/\/www.blogdomassinha.com.br\/v1\/wp-json\/wp\/v2\/tags?post=42750"}],"curies":[{"name":"wp","href":"https:\/\/api.w.org\/{rel}","templated":true}]}}