{"id":42747,"date":"2023-12-30T19:30:21","date_gmt":"2023-12-30T22:30:21","guid":{"rendered":"https:\/\/www.blogdomassinha.com.br\/v1\/?p=42747"},"modified":"2023-12-30T19:30:21","modified_gmt":"2023-12-30T22:30:21","slug":"vitoria-da-conquista-esta-vazia-puro-engano-cabe-um-grande-reveillon-na-nossa-cidade","status":"publish","type":"post","link":"https:\/\/www.blogdomassinha.com.br\/v1\/2023\/12\/30\/vitoria-da-conquista-esta-vazia-puro-engano-cabe-um-grande-reveillon-na-nossa-cidade\/","title":{"rendered":"Vit\u00f3ria da Conquista est\u00e1 vazia? Puro engano. Cabe um grande R\u00e9veillon na nossa cidade!"},"content":{"rendered":"<p class=\"p1\"><span class=\"s1\"><img loading=\"lazy\" class=\"size-medium wp-image-42748 alignleft\" src=\"https:\/\/www.blogdomassinha.com.br\/v1\/wp-content\/uploads\/2023\/12\/IMG_5922-300x198.jpeg\" alt=\"\" width=\"300\" height=\"198\" srcset=\"https:\/\/www.blogdomassinha.com.br\/v1\/wp-content\/uploads\/2023\/12\/IMG_5922-300x198.jpeg 300w, https:\/\/www.blogdomassinha.com.br\/v1\/wp-content\/uploads\/2023\/12\/IMG_5922.jpeg 600w\" sizes=\"(max-width: 300px) 100vw, 300px\" \/><br \/>\nVit\u00f3ria da Conquista \u00e9 uma cidade maravilhosa que tem quase 400.000 habitantes. Para n\u00e3o exagerar, n\u00f3s temos aqui 360.000 habitantes, podemos assim dizer, sem ser n\u00fameros exatos, mas \u00e9 o que temos para poder informar e, com certeza absoluta, menos disso n\u00e3o \u00e9.<\/span><\/p>\n<p class=\"p1\"><span class=\"s1\">E a gente tem o h\u00e1bito de falar que a cidade fica vazia durante o R\u00e9veillon, mas vazia porque? Quem s\u00e3o essas pessoas? Qual \u00e9 a quantidade de conterr\u00e2neos nossos que viajam? A rela\u00e7\u00e3o pessoal que temos com 5.000 pessoas, talvez, eu diria que \u00e9 um exagero, mas imaginemos que seja esse n\u00famero. \u00c9 poss\u00edvel que esse seja o n\u00famero de pessoas que viajem para o r\u00e9veillon, para a cidade litor\u00e2nea, que viaje at\u00e9 para as fazendas, exatamente porque n\u00e3o temos uma grande festa para oferecer.<\/span><\/p>\n<p class=\"p1\"><span class=\"s1\">\u00c9 claro que colocar o p\u00e9 na areia da praia, curtir um mar bonito como o de Ilh\u00e9us, de Canavieiras, de Porto Seguro, de Salvador, do Rio de Janeiro \u00e9 bom, ou mesmo aquelas fam\u00edlias mais abastadas que conseguem viajar com os seus filhos, casais, enfim, para outro pa\u00eds ou outros pa\u00edses.<\/span><\/p>\n<p class=\"p1\"><span class=\"s1\">No entanto, Vit\u00f3ria da Conquista est\u00e1 lotada de conquistenses que vieram para c\u00e1 rever os seus familiares e aqui permaneceram, e se tivessem uma festa de Rev\u00e9illon, eles iriam.<\/span><\/p>\n<p class=\"p1\"><span class=\"s1\">Ent\u00e3o, minha gente, eu confesso a voc\u00eas, estou cada dia mais convicto que n\u00f3s precisamos ter tamb\u00e9m um r\u00e9veillon em Vit\u00f3ria da Conquista, um grande r\u00e9veillon. <\/span><!--more--><\/p>\n<p class=\"p1\"><span class=\"s1\">Vit\u00f3ria da Conquista \u00e9 uma cidade enorme, ela precisa de dois, tr\u00eas, quatro festas como esta para segurar a nossa juventude, segurar os nossos conterr\u00e2neos aqui dentro da cidade.<\/span><\/p>\n<p class=\"p1\"><span class=\"s1\">N\u00e3o se iludam, quem fizer lucra e eu diria at\u00e9 ao pr\u00f3ximo prefeito de Vit\u00f3ria da Conquista que premie os seus mun\u00edcipes, ofere\u00e7a um r\u00e9veillon em pra\u00e7a p\u00fablica com queima de fogos e bandas tocando gente, isso \u00e9 um est\u00edmulo. <\/span><\/p>\n<p class=\"p1\"><span class=\"s1\">Vamos tornar a nossa cidade verdadeiramente numa cidade tur\u00edstica, que tem poder de atra\u00e7\u00e3o, sobretudo para as grandes festas, haja vista o Festival de Inverno e a nossa Miconquista que voltou, voltou forte nesse ano de 2023 e retorna agora em 2024 fort\u00edssima.<\/span><\/p>\n<p class=\"p1\"><span class=\"s1\">Ah, \u00e9 bom lembrar que a AABB vai oferecer uma grandiosa festa com artistas locais e um servi\u00e7o de qualidade, como sempre o fez. A nova sede da AABB est\u00e1 ficando impec\u00e1vel, \u201cum luxo\u201d, como diz Marc\u00e3o do Boca de Forno. <\/span>Tom Lemos, Bet\u00e3o, Mulheres No Samba, Gil e Dj David far\u00e3o a alegria da galera.<\/p>\n<p class=\"p1\"><span class=\"s1\">Ent\u00e3o Conquista, um feliz Ano Novo para voc\u00ea que vai ficar dentro de casa, talvez como \u00fanica op\u00e7\u00e3o, porque n\u00f3s n\u00e3o temos um grande r\u00e9veillon.<\/span><\/p>\n<p class=\"p1\"><span class=\"s1\">Feliz 2024!<\/span><\/p>\n","protected":false},"excerpt":{"rendered":"<p>Vit\u00f3ria da Conquista \u00e9 uma cidade maravilhosa que tem quase 400.000 habitantes. Para n\u00e3o exagerar, n\u00f3s temos aqui 360.000 habitantes, podemos assim dizer, sem ser n\u00fameros exatos, mas \u00e9 o que temos para poder informar e, com certeza absoluta, menos disso n\u00e3o \u00e9. E a gente tem o h\u00e1bito de falar que a cidade fica [&hellip;]<\/p>\n","protected":false},"author":3,"featured_media":42748,"comment_status":"open","ping_status":"open","sticky":false,"template":"","format":"standard","meta":[],"categories":[7,1],"tags":[],"_links":{"self":[{"href":"https:\/\/www.blogdomassinha.com.br\/v1\/wp-json\/wp\/v2\/posts\/42747"}],"collection":[{"href":"https:\/\/www.blogdomassinha.com.br\/v1\/wp-json\/wp\/v2\/posts"}],"about":[{"href":"https:\/\/www.blogdomassinha.com.br\/v1\/wp-json\/wp\/v2\/types\/post"}],"author":[{"embeddable":true,"href":"https:\/\/www.blogdomassinha.com.br\/v1\/wp-json\/wp\/v2\/users\/3"}],"replies":[{"embeddable":true,"href":"https:\/\/www.blogdomassinha.com.br\/v1\/wp-json\/wp\/v2\/comments?post=42747"}],"version-history":[{"count":1,"href":"https:\/\/www.blogdomassinha.com.br\/v1\/wp-json\/wp\/v2\/posts\/42747\/revisions"}],"predecessor-version":[{"id":42749,"href":"https:\/\/www.blogdomassinha.com.br\/v1\/wp-json\/wp\/v2\/posts\/42747\/revisions\/42749"}],"wp:featuredmedia":[{"embeddable":true,"href":"https:\/\/www.blogdomassinha.com.br\/v1\/wp-json\/wp\/v2\/media\/42748"}],"wp:attachment":[{"href":"https:\/\/www.blogdomassinha.com.br\/v1\/wp-json\/wp\/v2\/media?parent=42747"}],"wp:term":[{"taxonomy":"category","embeddable":true,"href":"https:\/\/www.blogdomassinha.com.br\/v1\/wp-json\/wp\/v2\/categories?post=42747"},{"taxonomy":"post_tag","embeddable":true,"href":"https:\/\/www.blogdomassinha.com.br\/v1\/wp-json\/wp\/v2\/tags?post=42747"}],"curies":[{"name":"wp","href":"https:\/\/api.w.org\/{rel}","templated":true}]}}