{"id":42705,"date":"2023-12-28T00:53:55","date_gmt":"2023-12-28T03:53:55","guid":{"rendered":"https:\/\/www.blogdomassinha.com.br\/v1\/?p=42705"},"modified":"2023-12-28T00:53:55","modified_gmt":"2023-12-28T03:53:55","slug":"os-sorrisos-estampados-nos-rostos-de-jeronimo-e-geraldo-nao-devem-ser-o-da-militancia-petista-em-salvador","status":"publish","type":"post","link":"https:\/\/www.blogdomassinha.com.br\/v1\/2023\/12\/28\/os-sorrisos-estampados-nos-rostos-de-jeronimo-e-geraldo-nao-devem-ser-o-da-militancia-petista-em-salvador\/","title":{"rendered":"Os sorrisos estampados nos rostos de Jer\u00f4nimo e Geraldo n\u00e3o devem ser o da milit\u00e2ncia petista em Salvador"},"content":{"rendered":"<p class=\"p1\"><img loading=\"lazy\" class=\"size-medium wp-image-42706 alignleft\" src=\"https:\/\/www.blogdomassinha.com.br\/v1\/wp-content\/uploads\/2023\/12\/IMG_5879-300x210.jpeg\" alt=\"\" width=\"300\" height=\"210\" srcset=\"https:\/\/www.blogdomassinha.com.br\/v1\/wp-content\/uploads\/2023\/12\/IMG_5879-300x210.jpeg 300w, https:\/\/www.blogdomassinha.com.br\/v1\/wp-content\/uploads\/2023\/12\/IMG_5879.jpeg 600w\" sizes=\"(max-width: 300px) 100vw, 300px\" \/><\/p>\n<p class=\"p1\"><span class=\"s1\">A manchete dessa mat\u00e9ria, segundo parte da imprensa de Salvador, ou melhor, do Correio da Bahia, \u00e9 o que est\u00e1 acontecendo dentro do seio petista depois que o nome do vice-governador Geraldo J\u00fanior (MDB) foi anunciado como candidato da base.<\/span><\/p>\n<p class=\"p1\"><span class=\"s1\">Essa situa\u00e7\u00e3o vinha sendo debatida entre os partidos que comp\u00f5em o bloco de apoio ao governador Jer\u00f4nimo Rodrigues, eleito no ano passado. O PT apresentou candidatura pr\u00f3pria, s\u00f3 que n\u00e3o deslanchou, e o Partido dos Trabalhadores n\u00e3o admite perder mais uma vez o comando administrativo da capital para o Uni\u00e3o Brasil, cujo l\u00edder no estado \u00e9 o neto do ex-governador Ant\u00f4nio Carlos Magalh\u00e3es, exatamente aquele que esteve \u00e0 frente da prefeitura de Salvador durante dois mandatos e passou o bast\u00e3o para o atual prefeito Bruno Reis, que busca a reelei\u00e7\u00e3o. Isso mesmo, estou falando de ACM Neto, que j\u00e1 tem como certa a vit\u00f3ria no primeiro turno, como aconteceu no pleito anterior.<\/span><\/p>\n<p class=\"p1\"><span class=\"s1\">xxxxxxxxxxxx<\/span><\/p>\n<p class=\"p1\"><span class=\"s1\">Os petistas, aqueles mais radicais, o filiado raiz, considerado \u201c\u00e0 moda antiga\u201c, nem sonha ir \u00e0s ruas pedir votos para uma \u201ccandidatura de direta\u201d, como afirmam dirigindo-se ao nome que foi apresentado pelos l\u00edderes do MDB, Geddel e L\u00facio Vieira Lima, ali\u00e1s, foram os dois que levaram o nome de Geraldo J\u00fanior para formar a chapa vitoriosa que elegeu Jer\u00f4nimo Rodrigues governador do estado.<\/span><!--more--><\/p>\n<p class=\"p1\"><span class=\"s1\">Enquanto isso, aqui em Vit\u00f3ria da Conquista, a vereadora L\u00facia Rocha permanece com o seu nome na disputa pela prefeitura da cidade, n\u00e3o obstante o que acontece na terra que j\u00e1 foi governada por Tom\u00e9 de Souza.<\/span><\/p>\n<p class=\"p1\"><span class=\"s1\">E agora, Jos\u00e9? O que poder\u00e1 acontecer com essa din\u00e2mica da pol\u00edtica, cada dia uma surpresa? \u00c9 s\u00f3 esperar pra ver, com essa temperatura \u00e9 que n\u00e3o d\u00e1 pra esperar, tomara que chova um pouco, para assim a turma esfriar a cabe\u00e7a. <\/span><\/p>\n<p class=\"p1\"><span class=\"s1\">A\u00ed recorro aos primos, o m\u00e9dico e o engenheiro Marcos e Gilberto Luna, respectivamente: \u201cA ver\u201d!<\/span><\/p>\n","protected":false},"excerpt":{"rendered":"<p>A manchete dessa mat\u00e9ria, segundo parte da imprensa de Salvador, ou melhor, do Correio da Bahia, \u00e9 o que est\u00e1 acontecendo dentro do seio petista depois que o nome do vice-governador Geraldo J\u00fanior (MDB) foi anunciado como candidato da base. Essa situa\u00e7\u00e3o vinha sendo debatida entre os partidos que comp\u00f5em o bloco de apoio ao [&hellip;]<\/p>\n","protected":false},"author":3,"featured_media":42706,"comment_status":"open","ping_status":"open","sticky":false,"template":"","format":"standard","meta":[],"categories":[7,2],"tags":[],"_links":{"self":[{"href":"https:\/\/www.blogdomassinha.com.br\/v1\/wp-json\/wp\/v2\/posts\/42705"}],"collection":[{"href":"https:\/\/www.blogdomassinha.com.br\/v1\/wp-json\/wp\/v2\/posts"}],"about":[{"href":"https:\/\/www.blogdomassinha.com.br\/v1\/wp-json\/wp\/v2\/types\/post"}],"author":[{"embeddable":true,"href":"https:\/\/www.blogdomassinha.com.br\/v1\/wp-json\/wp\/v2\/users\/3"}],"replies":[{"embeddable":true,"href":"https:\/\/www.blogdomassinha.com.br\/v1\/wp-json\/wp\/v2\/comments?post=42705"}],"version-history":[{"count":1,"href":"https:\/\/www.blogdomassinha.com.br\/v1\/wp-json\/wp\/v2\/posts\/42705\/revisions"}],"predecessor-version":[{"id":42707,"href":"https:\/\/www.blogdomassinha.com.br\/v1\/wp-json\/wp\/v2\/posts\/42705\/revisions\/42707"}],"wp:featuredmedia":[{"embeddable":true,"href":"https:\/\/www.blogdomassinha.com.br\/v1\/wp-json\/wp\/v2\/media\/42706"}],"wp:attachment":[{"href":"https:\/\/www.blogdomassinha.com.br\/v1\/wp-json\/wp\/v2\/media?parent=42705"}],"wp:term":[{"taxonomy":"category","embeddable":true,"href":"https:\/\/www.blogdomassinha.com.br\/v1\/wp-json\/wp\/v2\/categories?post=42705"},{"taxonomy":"post_tag","embeddable":true,"href":"https:\/\/www.blogdomassinha.com.br\/v1\/wp-json\/wp\/v2\/tags?post=42705"}],"curies":[{"name":"wp","href":"https:\/\/api.w.org\/{rel}","templated":true}]}}