{"id":42613,"date":"2023-12-20T13:09:33","date_gmt":"2023-12-20T16:09:33","guid":{"rendered":"https:\/\/www.blogdomassinha.com.br\/v1\/?p=42613"},"modified":"2023-12-20T13:09:33","modified_gmt":"2023-12-20T16:09:33","slug":"alto-do-panorama-recebe-visita-da-prefeita-sheila-que-autoriza-inicio-das-obras-minotouro-esteve-presente","status":"publish","type":"post","link":"https:\/\/www.blogdomassinha.com.br\/v1\/2023\/12\/20\/alto-do-panorama-recebe-visita-da-prefeita-sheila-que-autoriza-inicio-das-obras-minotouro-esteve-presente\/","title":{"rendered":"Alto do Panorama recebe visita da prefeita Sheila, que autoriza in\u00edcio das obras. Minotouro esteve presente"},"content":{"rendered":"<p class=\"p1\"><img loading=\"lazy\" class=\"size-medium wp-image-42614 alignleft\" src=\"https:\/\/www.blogdomassinha.com.br\/v1\/wp-content\/uploads\/2023\/12\/PHOTO-2023-12-19-22-05-07-300x169.jpeg\" alt=\"\" width=\"300\" height=\"169\" srcset=\"https:\/\/www.blogdomassinha.com.br\/v1\/wp-content\/uploads\/2023\/12\/PHOTO-2023-12-19-22-05-07-300x169.jpeg 300w, https:\/\/www.blogdomassinha.com.br\/v1\/wp-content\/uploads\/2023\/12\/PHOTO-2023-12-19-22-05-07.jpeg 600w\" sizes=\"(max-width: 300px) 100vw, 300px\" \/><\/p>\n<p class=\"p1\"><span class=\"s1\">Minotouro, o premiado e ilustre atleta conquistense, que se projetou pelo mundo ao lado do irm\u00e3o Minotauro, fez companhia a prefeita Sheila Lemos no Alto do Panorama, onde a gestora da cidade assinou ordem de servi\u00e7o autorizando o in\u00edcio das obras j\u00e1 nesta quarta-feira, 20.<\/span><\/p>\n<p class=\"p1\"><span class=\"s1\">Foi exatamente como aconteceu na avenida Brumado, a ordem de servi\u00e7o foi assinada em um dia e no dia seguinte a Emurc come\u00e7ou os trabalhos naquela importante via que ser\u00e1 completamente requalificada, e a prefeita reverbera pelos quatro cantos da cidade que \u201ca avenida Brumado ficar\u00e1 muito mais bonita que a Ol\u00edvia Flores\u201d.<\/span><\/p>\n<p class=\"p1\"><span class=\"s1\">xxxxxxxxxxxx<\/span><\/p>\n<p class=\"p1\"><span class=\"s1\">O evento ocorreria hoje, 20, mas foi antecipado para ontem, 19, porque a prefeita e sua equipe preferiram evitar dar de frente com as fortes chuvas que estavam previstas, s\u00f3 que o l\u00edquido precioso n\u00e3o caiu em demasia como era esperado.<\/span><\/p>\n<p class=\"p1\"><img loading=\"lazy\" class=\"alignright size-medium wp-image-42615\" src=\"https:\/\/www.blogdomassinha.com.br\/v1\/wp-content\/uploads\/2023\/12\/PHOTO-2023-12-19-22-18-53-300x194.jpeg\" alt=\"\" width=\"300\" height=\"194\" srcset=\"https:\/\/www.blogdomassinha.com.br\/v1\/wp-content\/uploads\/2023\/12\/PHOTO-2023-12-19-22-18-53-300x194.jpeg 300w, https:\/\/www.blogdomassinha.com.br\/v1\/wp-content\/uploads\/2023\/12\/PHOTO-2023-12-19-22-18-53.jpeg 600w\" sizes=\"(max-width: 300px) 100vw, 300px\" \/><!--more--><\/p>\n<p class=\"p1\"><span class=\"s1\">Os moradores do Alto do Panorama comemoram a chegada das m\u00e1quinas para o in\u00edcio \u201cdos trabalhos de pavimenta\u00e7\u00e3o e requalifica\u00e7\u00e3o de 37 ruas por meio do Acelera Conquista, maior programa de investimentos de Vit\u00f3ria da Conquista. No total, R$6.301.708,75 ser\u00e3o destinados \u00e0 obra\u201d, informa a Secom.<\/span><\/p>\n<p class=\"p1\"><span class=\"s1\">O ato contou com as presen\u00e7as da prefeita, de secret\u00e1rios, vereadores e da popula\u00e7\u00e3o, e o evento aconteceu no Instituto Irm\u00e3os Nogueira.<\/span><\/p>\n<p><img loading=\"lazy\" class=\"size-medium wp-image-42616 alignleft\" src=\"https:\/\/www.blogdomassinha.com.br\/v1\/wp-content\/uploads\/2023\/12\/PHOTO-2023-12-19-22-05-08-300x169.jpeg\" alt=\"\" width=\"300\" height=\"169\" srcset=\"https:\/\/www.blogdomassinha.com.br\/v1\/wp-content\/uploads\/2023\/12\/PHOTO-2023-12-19-22-05-08-300x169.jpeg 300w, https:\/\/www.blogdomassinha.com.br\/v1\/wp-content\/uploads\/2023\/12\/PHOTO-2023-12-19-22-05-08.jpeg 600w\" sizes=\"(max-width: 300px) 100vw, 300px\" \/><\/p>\n","protected":false},"excerpt":{"rendered":"<p>Minotouro, o premiado e ilustre atleta conquistense, que se projetou pelo mundo ao lado do irm\u00e3o Minotauro, fez companhia a prefeita Sheila Lemos no Alto do Panorama, onde a gestora da cidade assinou ordem de servi\u00e7o autorizando o in\u00edcio das obras j\u00e1 nesta quarta-feira, 20. Foi exatamente como aconteceu na avenida Brumado, a ordem de [&hellip;]<\/p>\n","protected":false},"author":3,"featured_media":42614,"comment_status":"open","ping_status":"open","sticky":false,"template":"","format":"standard","meta":[],"categories":[7,1],"tags":[],"_links":{"self":[{"href":"https:\/\/www.blogdomassinha.com.br\/v1\/wp-json\/wp\/v2\/posts\/42613"}],"collection":[{"href":"https:\/\/www.blogdomassinha.com.br\/v1\/wp-json\/wp\/v2\/posts"}],"about":[{"href":"https:\/\/www.blogdomassinha.com.br\/v1\/wp-json\/wp\/v2\/types\/post"}],"author":[{"embeddable":true,"href":"https:\/\/www.blogdomassinha.com.br\/v1\/wp-json\/wp\/v2\/users\/3"}],"replies":[{"embeddable":true,"href":"https:\/\/www.blogdomassinha.com.br\/v1\/wp-json\/wp\/v2\/comments?post=42613"}],"version-history":[{"count":1,"href":"https:\/\/www.blogdomassinha.com.br\/v1\/wp-json\/wp\/v2\/posts\/42613\/revisions"}],"predecessor-version":[{"id":42617,"href":"https:\/\/www.blogdomassinha.com.br\/v1\/wp-json\/wp\/v2\/posts\/42613\/revisions\/42617"}],"wp:featuredmedia":[{"embeddable":true,"href":"https:\/\/www.blogdomassinha.com.br\/v1\/wp-json\/wp\/v2\/media\/42614"}],"wp:attachment":[{"href":"https:\/\/www.blogdomassinha.com.br\/v1\/wp-json\/wp\/v2\/media?parent=42613"}],"wp:term":[{"taxonomy":"category","embeddable":true,"href":"https:\/\/www.blogdomassinha.com.br\/v1\/wp-json\/wp\/v2\/categories?post=42613"},{"taxonomy":"post_tag","embeddable":true,"href":"https:\/\/www.blogdomassinha.com.br\/v1\/wp-json\/wp\/v2\/tags?post=42613"}],"curies":[{"name":"wp","href":"https:\/\/api.w.org\/{rel}","templated":true}]}}