{"id":42603,"date":"2023-12-19T22:55:23","date_gmt":"2023-12-20T01:55:23","guid":{"rendered":"https:\/\/www.blogdomassinha.com.br\/v1\/?p=42603"},"modified":"2023-12-19T22:55:23","modified_gmt":"2023-12-20T01:55:23","slug":"agua-esse-e-o-maior-problema-de-conquista-prefeita-governo-e-camara-de-vereadores-estao-unidos-nessa-luta","status":"publish","type":"post","link":"https:\/\/www.blogdomassinha.com.br\/v1\/2023\/12\/19\/agua-esse-e-o-maior-problema-de-conquista-prefeita-governo-e-camara-de-vereadores-estao-unidos-nessa-luta\/","title":{"rendered":"\u00c1gua: esse \u00e9 o maior problema de Conquista! Prefeita, governo e C\u00e2mara de Vereadores est\u00e3o unidos nessa luta"},"content":{"rendered":"<p class=\"p1\"><img loading=\"lazy\" class=\"size-medium wp-image-42604 alignleft\" src=\"https:\/\/www.blogdomassinha.com.br\/v1\/wp-content\/uploads\/2023\/12\/IMG_0028-300x201.jpeg\" alt=\"\" width=\"300\" height=\"201\" srcset=\"https:\/\/www.blogdomassinha.com.br\/v1\/wp-content\/uploads\/2023\/12\/IMG_0028-300x201.jpeg 300w, https:\/\/www.blogdomassinha.com.br\/v1\/wp-content\/uploads\/2023\/12\/IMG_0028.jpeg 600w\" sizes=\"(max-width: 300px) 100vw, 300px\" \/><\/p>\n<p class=\"p1\"><span class=\"s1\">Sabiamente, Vit\u00f3ria da Conquista est\u00e1 demonstrando intelig\u00eancia e civilidade, nesse momento de seca terr\u00edvel que assola a nossa cidade e regi\u00e3o, os nossos representantes pol\u00edticos se juntaram, se uniram em torno do bem comum, est\u00e3o buscando socorrer a nossa popula\u00e7\u00e3o, principalmente da zona rural, que reza, chora, pede clem\u00eancia ao Senhor no sentido de encher os potes, caixa d\u2019\u00e1gua, todas as vasilhas, que est\u00e3o vazias precisando de \u00e1gua.<\/span><\/p>\n<p class=\"p1\"><span class=\"s1\">Enquanto n\u00e3o chega o socorro do c\u00e9u, a prefeita Sheila Lemos, o presidente Herm\u00ednio Oliveira e os seus pares realizaram uma Audi\u00eancia P\u00fablica dando ci\u00eancia \u00e0 sociedade conquistense, e tamb\u00e9m ao governo do estado, que situa\u00e7\u00e3o est\u00e1 insustent\u00e1vel. E o apelo institucional surtiu efeito, j\u00e1 que qualquer obst\u00e1culo, qualquer barreira, ou mesmo as t\u00e1buas de qualquer palanque, n\u00e3o servir\u00e3o de impedimento para que essa inadi\u00e1vel provid\u00eancia n\u00e3o lougre \u00eaxito, ao contr\u00e1rio, est\u00e1 todo mundo afinado, falando a mesma l\u00edngua. A ordem do dia \u00e9 amenizar o sofrimento da nossa gente.<\/span><\/p>\n<p class=\"p1\"><span class=\"s1\">xxxxxxxxxxxx<\/span><\/p>\n<p class=\"p1\"><span class=\"s1\">\u00c9 uma a\u00e7\u00e3o supra-partid\u00e1ria, n\u00e3o tem cor, nem sigla, \u00e9 todo mundo junto pela mesma causa. <\/span><!--more--><\/p>\n<p class=\"p1\"><span class=\"s1\">O mapa da seca \u00e9 impiedoso, ele maltrata os humanos e os animais, seca tudo, o sert\u00e3o fica feio, cinzento, da\u00ed entendermos que essa a\u00e7\u00e3o da prefeita e da C\u00e2mara de Vereadores encontrou eco no governo do estado e juntaram os carros pipas para abastecer o que estiver vazio na zona rural, ou, pelo menos, aliviar a situa\u00e7\u00e3o de pen\u00faria que vivem os nossos irm\u00e3os.<\/span><\/p>\n<p class=\"p1\"><span class=\"s1\">Evidente que a seca que se abate sobre n\u00f3s est\u00e1 presente na maior parte das regi\u00f5es do pa\u00eds, mas esse caos serve para mostrar as autoridades que Vit\u00f3ria da Conquista n\u00e3o pode viver sem uma barragem que atenda as nossas necessidades. Essa, sim, \u00e9 uma obra de extrema urg\u00eancia, priorit\u00e1ria.<\/span><\/p>\n<p class=\"p1\"><span class=\"s1\">Portanto, um grande exemplo os nossos pol\u00edticos deram nesse instante de calamidade p\u00fablica.<\/span><\/p>\n","protected":false},"excerpt":{"rendered":"<p>Sabiamente, Vit\u00f3ria da Conquista est\u00e1 demonstrando intelig\u00eancia e civilidade, nesse momento de seca terr\u00edvel que assola a nossa cidade e regi\u00e3o, os nossos representantes pol\u00edticos se juntaram, se uniram em torno do bem comum, est\u00e3o buscando socorrer a nossa popula\u00e7\u00e3o, principalmente da zona rural, que reza, chora, pede clem\u00eancia ao Senhor no sentido de encher [&hellip;]<\/p>\n","protected":false},"author":3,"featured_media":42604,"comment_status":"open","ping_status":"open","sticky":false,"template":"","format":"standard","meta":[],"categories":[7,1],"tags":[],"_links":{"self":[{"href":"https:\/\/www.blogdomassinha.com.br\/v1\/wp-json\/wp\/v2\/posts\/42603"}],"collection":[{"href":"https:\/\/www.blogdomassinha.com.br\/v1\/wp-json\/wp\/v2\/posts"}],"about":[{"href":"https:\/\/www.blogdomassinha.com.br\/v1\/wp-json\/wp\/v2\/types\/post"}],"author":[{"embeddable":true,"href":"https:\/\/www.blogdomassinha.com.br\/v1\/wp-json\/wp\/v2\/users\/3"}],"replies":[{"embeddable":true,"href":"https:\/\/www.blogdomassinha.com.br\/v1\/wp-json\/wp\/v2\/comments?post=42603"}],"version-history":[{"count":1,"href":"https:\/\/www.blogdomassinha.com.br\/v1\/wp-json\/wp\/v2\/posts\/42603\/revisions"}],"predecessor-version":[{"id":42605,"href":"https:\/\/www.blogdomassinha.com.br\/v1\/wp-json\/wp\/v2\/posts\/42603\/revisions\/42605"}],"wp:featuredmedia":[{"embeddable":true,"href":"https:\/\/www.blogdomassinha.com.br\/v1\/wp-json\/wp\/v2\/media\/42604"}],"wp:attachment":[{"href":"https:\/\/www.blogdomassinha.com.br\/v1\/wp-json\/wp\/v2\/media?parent=42603"}],"wp:term":[{"taxonomy":"category","embeddable":true,"href":"https:\/\/www.blogdomassinha.com.br\/v1\/wp-json\/wp\/v2\/categories?post=42603"},{"taxonomy":"post_tag","embeddable":true,"href":"https:\/\/www.blogdomassinha.com.br\/v1\/wp-json\/wp\/v2\/tags?post=42603"}],"curies":[{"name":"wp","href":"https:\/\/api.w.org\/{rel}","templated":true}]}}