{"id":42600,"date":"2023-12-18T15:39:41","date_gmt":"2023-12-18T18:39:41","guid":{"rendered":"https:\/\/www.blogdomassinha.com.br\/v1\/?p=42600"},"modified":"2023-12-18T15:39:41","modified_gmt":"2023-12-18T18:39:41","slug":"e-o-vice-de-sheila-quem-sera-o-futuro-da-cidade-estara-em-suas-maos-caso-ela-venca","status":"publish","type":"post","link":"https:\/\/www.blogdomassinha.com.br\/v1\/2023\/12\/18\/e-o-vice-de-sheila-quem-sera-o-futuro-da-cidade-estara-em-suas-maos-caso-ela-venca\/","title":{"rendered":"E o vice de Sheila, quem ser\u00e1? O futuro da cidade estar\u00e1 em suas m\u00e3os, caso ela ven\u00e7a"},"content":{"rendered":"<p class=\"p1\"><img loading=\"lazy\" class=\"alignright size-medium wp-image-42601\" src=\"https:\/\/www.blogdomassinha.com.br\/v1\/wp-content\/uploads\/2023\/12\/IMG_5719-300x255.jpeg\" alt=\"\" width=\"300\" height=\"255\" srcset=\"https:\/\/www.blogdomassinha.com.br\/v1\/wp-content\/uploads\/2023\/12\/IMG_5719-300x255.jpeg 300w, https:\/\/www.blogdomassinha.com.br\/v1\/wp-content\/uploads\/2023\/12\/IMG_5719.jpeg 588w\" sizes=\"(max-width: 300px) 100vw, 300px\" \/><\/p>\n<p class=\"p1\"><span class=\"s1\">Nunca, na hist\u00f3ria pol\u00edtica de Vit\u00f3ria da Conquista, a escolha de um vice foi t\u00e3o importante, isso quando se trata da escolha do companheiro de chapa da prefeita Sheila Lemos, que busca a reelei\u00e7\u00e3o em 2024. Tudo isso porque imagina-se que a gestora conquistense continuar\u00e1 na pol\u00edtica e, sendo assim, em 2026, se ela vencer a disputa eleitoral nas urnas no pr\u00f3ximo pleito, ela ter\u00e1 que passar o cargo para o seu vice para concorrer a uma vaga na Assembleia Legislativa, ou na C\u00e2mara Federal. Portanto, aquele que ascender ao cargo de prefeito ter\u00e1 que merecer a confian\u00e7a da popula\u00e7\u00e3o no que se refere a probidade, lealdade e compet\u00eancia.<\/span><\/p>\n<p class=\"p1\"><span class=\"s1\">A escolha da prefeita Sheila reveste-se de uma import\u00e2ncia enorme, n\u00e3o \u00e9 apenas trazer para junto de si um nome que contribua com votos, \u00e9 muito mais do que isso, \u00e9 passar o bast\u00e3o para um vice que mere\u00e7a a confian\u00e7a de todos, da prefeita e dos conquistenses.<\/span><!--more--><\/p>\n<p class=\"p1\"><span class=\"s1\">A prefeita j\u00e1 me disse em entrevista ao nosso blog: \u201cn\u00e3o escolho o advers\u00e1rio para enfrentar em 2024, estou preparada para enfrentar qualquer um\u201d, s\u00f3 que no caso do vice, Sheila ter\u00e1 que saber escolher.<\/span><\/p>\n<p class=\"p1\"><span class=\"s1\">Antes das elei\u00e7\u00f5es presidenciais em 2016, o presidente do PT municipal, Isac Bomfim, em entrevista ao nosso programa Agito Geral, disse: \u201cessa ser\u00e1 uma elei\u00e7\u00e3o plebiscit\u00e1ria, a disputa ocorrer\u00e1 entre Lula e Bolsonaro, e aqui em Conquista ser\u00e1 entre Z\u00e9 Raimundo e Herzem\u201d. E hoje, Isac, eu pergunto a voc\u00ea e aos nossos leitores em rela\u00e7\u00e3o a disputa para a prefeitura: ser\u00e1 polarizada entre Sheila e Waldenor?<\/span><\/p>\n","protected":false},"excerpt":{"rendered":"<p>Nunca, na hist\u00f3ria pol\u00edtica de Vit\u00f3ria da Conquista, a escolha de um vice foi t\u00e3o importante, isso quando se trata da escolha do companheiro de chapa da prefeita Sheila Lemos, que busca a reelei\u00e7\u00e3o em 2024. Tudo isso porque imagina-se que a gestora conquistense continuar\u00e1 na pol\u00edtica e, sendo assim, em 2026, se ela vencer [&hellip;]<\/p>\n","protected":false},"author":3,"featured_media":42601,"comment_status":"open","ping_status":"open","sticky":false,"template":"","format":"standard","meta":[],"categories":[7,2],"tags":[],"_links":{"self":[{"href":"https:\/\/www.blogdomassinha.com.br\/v1\/wp-json\/wp\/v2\/posts\/42600"}],"collection":[{"href":"https:\/\/www.blogdomassinha.com.br\/v1\/wp-json\/wp\/v2\/posts"}],"about":[{"href":"https:\/\/www.blogdomassinha.com.br\/v1\/wp-json\/wp\/v2\/types\/post"}],"author":[{"embeddable":true,"href":"https:\/\/www.blogdomassinha.com.br\/v1\/wp-json\/wp\/v2\/users\/3"}],"replies":[{"embeddable":true,"href":"https:\/\/www.blogdomassinha.com.br\/v1\/wp-json\/wp\/v2\/comments?post=42600"}],"version-history":[{"count":1,"href":"https:\/\/www.blogdomassinha.com.br\/v1\/wp-json\/wp\/v2\/posts\/42600\/revisions"}],"predecessor-version":[{"id":42602,"href":"https:\/\/www.blogdomassinha.com.br\/v1\/wp-json\/wp\/v2\/posts\/42600\/revisions\/42602"}],"wp:featuredmedia":[{"embeddable":true,"href":"https:\/\/www.blogdomassinha.com.br\/v1\/wp-json\/wp\/v2\/media\/42601"}],"wp:attachment":[{"href":"https:\/\/www.blogdomassinha.com.br\/v1\/wp-json\/wp\/v2\/media?parent=42600"}],"wp:term":[{"taxonomy":"category","embeddable":true,"href":"https:\/\/www.blogdomassinha.com.br\/v1\/wp-json\/wp\/v2\/categories?post=42600"},{"taxonomy":"post_tag","embeddable":true,"href":"https:\/\/www.blogdomassinha.com.br\/v1\/wp-json\/wp\/v2\/tags?post=42600"}],"curies":[{"name":"wp","href":"https:\/\/api.w.org\/{rel}","templated":true}]}}