{"id":42454,"date":"2023-12-08T18:15:35","date_gmt":"2023-12-08T21:15:35","guid":{"rendered":"https:\/\/www.blogdomassinha.com.br\/v1\/?p=42454"},"modified":"2023-12-08T18:15:35","modified_gmt":"2023-12-08T21:15:35","slug":"balanco-com-ze-rotatorias-agua-avenida-brumado-polo-textil-centro-de-convencoes-daqui-a-pouco-no-agito-geral","status":"publish","type":"post","link":"https:\/\/www.blogdomassinha.com.br\/v1\/2023\/12\/08\/balanco-com-ze-rotatorias-agua-avenida-brumado-polo-textil-centro-de-convencoes-daqui-a-pouco-no-agito-geral\/","title":{"rendered":"Balan\u00e7o com Z\u00e9: Rotat\u00f3rias; \u00c1gua; Avenida Brumado; P\u00f3lo T\u00eaxtil; Centro de Conven\u00e7\u00f5es. Daqui a pouco no Agito Geral!"},"content":{"rendered":"<p class=\"p1\"><img loading=\"lazy\" class=\"size-medium wp-image-42455 alignleft\" src=\"https:\/\/www.blogdomassinha.com.br\/v1\/wp-content\/uploads\/2023\/12\/IMG_5540-300x300.jpeg\" alt=\"\" width=\"300\" height=\"300\" srcset=\"https:\/\/www.blogdomassinha.com.br\/v1\/wp-content\/uploads\/2023\/12\/IMG_5540-300x300.jpeg 300w, https:\/\/www.blogdomassinha.com.br\/v1\/wp-content\/uploads\/2023\/12\/IMG_5540-150x150.jpeg 150w, https:\/\/www.blogdomassinha.com.br\/v1\/wp-content\/uploads\/2023\/12\/IMG_5540.jpeg 500w\" sizes=\"(max-width: 300px) 100vw, 300px\" \/><\/p>\n<p class=\"p1\"><span class=\"s1\">Na manh\u00e3 de hoje eu estive na Maxtour, por volta das 10h00, para conversar com meu amigo Z\u00e9 Maria Caires sobre o que tem acontecido ultimamente em nossa cidade no campo pol\u00edtico principalmente.<\/span><\/p>\n<p class=\"p1\"><span class=\"s1\">N\u00f3s vimos a presen\u00e7a do ilustre governador do estado, Jer\u00f4nimo Rodrigues, no espa\u00e7o de 20 dias visitando a nossa cidade em diversas oportunidades e veio com resolu\u00e7\u00f5es para as demandas e apresentou ideias para, por exemplo, a constru\u00e7\u00e3o do nosso centro de conven\u00e7\u00f5es, que foi recomendado ao nosso querido Z\u00e9 Maria, do movimento Duplica Sudoeste para que procurasse a prefeita Sheila Lemos para identificar o local ideal dentro do mapa da nossa cidade para construir esse t\u00e3o sonhado equipamento.<\/span><\/p>\n<p class=\"p1\"><span class=\"s1\">Conversamos com o Z\u00e9 tamb\u00e9m sobre \u00e1gua, sobre as rotat\u00f3rias, se existe a possibilidade da constru\u00e7\u00e3o de rotat\u00f3rias at\u00e9 que a Via Bahia nos atenda e venha com outro olhar para o sudoeste do estado, principalmente nesse trecho que corta Vit\u00f3ria da Conquista at\u00e9 a divisa de Minas Gerais.<\/span><!--more--><\/p>\n<p class=\"p1\"><span class=\"s1\">A nossa duplica\u00e7\u00e3o precisa acontecer, mas enquanto isso n\u00e3o acontece os cruzamentos criminosos que est\u00e3o ao nosso redor, por exemplo, o de Barra do Cho\u00e7a, saindo da avenida Presidente Vargas at\u00e9 pr\u00f3ximo ao Alphaville; o que fica pr\u00f3xima ao Los Pampas e o do Centro Industrial do Imbor\u00e9s precisam ser substitu\u00eddos por rotat\u00f3rias para que acidentes sejam evitados nesses trechos.<\/span><\/p>\n<p class=\"p1\"><span class=\"s1\">N\u00f3s conversamos longamente com Z\u00e9 tamb\u00e9m sobre as demandas da prefeitura, do munic\u00edpio, e ele nos apresentou, agradecendo a C\u00e2mera de Vereadores pela aprova\u00e7\u00e3o do 160 milh\u00f5es de reais, pois Vit\u00f3ria da Conquista vai passar um bom momento, vai possibilitar a requalifica\u00e7\u00e3o da avenida Brumado, essa importante via que recebe as pessoas que vem do oeste do estado.<\/span><\/p>\n<p class=\"p1\"><span class=\"s1\">Ent\u00e3o, tudo isso voc\u00eas ouvir\u00e3o daqui a pouco no nosso programa Agito Geral, \u00e0s 19h, esse balan\u00e7o que eu fiz com Jos\u00e9 Maria Caires do Duplica Sudoeste.<\/span><\/p>\n","protected":false},"excerpt":{"rendered":"<p>Na manh\u00e3 de hoje eu estive na Maxtour, por volta das 10h00, para conversar com meu amigo Z\u00e9 Maria Caires sobre o que tem acontecido ultimamente em nossa cidade no campo pol\u00edtico principalmente. N\u00f3s vimos a presen\u00e7a do ilustre governador do estado, Jer\u00f4nimo Rodrigues, no espa\u00e7o de 20 dias visitando a nossa cidade em diversas [&hellip;]<\/p>\n","protected":false},"author":3,"featured_media":42455,"comment_status":"open","ping_status":"open","sticky":false,"template":"","format":"standard","meta":[],"categories":[7,1],"tags":[],"_links":{"self":[{"href":"https:\/\/www.blogdomassinha.com.br\/v1\/wp-json\/wp\/v2\/posts\/42454"}],"collection":[{"href":"https:\/\/www.blogdomassinha.com.br\/v1\/wp-json\/wp\/v2\/posts"}],"about":[{"href":"https:\/\/www.blogdomassinha.com.br\/v1\/wp-json\/wp\/v2\/types\/post"}],"author":[{"embeddable":true,"href":"https:\/\/www.blogdomassinha.com.br\/v1\/wp-json\/wp\/v2\/users\/3"}],"replies":[{"embeddable":true,"href":"https:\/\/www.blogdomassinha.com.br\/v1\/wp-json\/wp\/v2\/comments?post=42454"}],"version-history":[{"count":1,"href":"https:\/\/www.blogdomassinha.com.br\/v1\/wp-json\/wp\/v2\/posts\/42454\/revisions"}],"predecessor-version":[{"id":42456,"href":"https:\/\/www.blogdomassinha.com.br\/v1\/wp-json\/wp\/v2\/posts\/42454\/revisions\/42456"}],"wp:featuredmedia":[{"embeddable":true,"href":"https:\/\/www.blogdomassinha.com.br\/v1\/wp-json\/wp\/v2\/media\/42455"}],"wp:attachment":[{"href":"https:\/\/www.blogdomassinha.com.br\/v1\/wp-json\/wp\/v2\/media?parent=42454"}],"wp:term":[{"taxonomy":"category","embeddable":true,"href":"https:\/\/www.blogdomassinha.com.br\/v1\/wp-json\/wp\/v2\/categories?post=42454"},{"taxonomy":"post_tag","embeddable":true,"href":"https:\/\/www.blogdomassinha.com.br\/v1\/wp-json\/wp\/v2\/tags?post=42454"}],"curies":[{"name":"wp","href":"https:\/\/api.w.org\/{rel}","templated":true}]}}