{"id":42446,"date":"2023-12-08T17:21:16","date_gmt":"2023-12-08T20:21:16","guid":{"rendered":"https:\/\/www.blogdomassinha.com.br\/v1\/?p=42446"},"modified":"2023-12-08T17:21:16","modified_gmt":"2023-12-08T20:21:16","slug":"prefeitura-protocola-pedidos-de-apoio-a-orgaos-federais-e-estaduais-para-diminuir-efeitos-da-seca-nas-atividades-agricolas","status":"publish","type":"post","link":"https:\/\/www.blogdomassinha.com.br\/v1\/2023\/12\/08\/prefeitura-protocola-pedidos-de-apoio-a-orgaos-federais-e-estaduais-para-diminuir-efeitos-da-seca-nas-atividades-agricolas\/","title":{"rendered":"Prefeitura protocola pedidos de apoio a \u00f3rg\u00e3os federais e estaduais para diminuir efeitos da seca nas atividades agr\u00edcolas"},"content":{"rendered":"<p class=\"p1\"><img loading=\"lazy\" class=\"size-medium wp-image-42447 alignleft\" src=\"https:\/\/www.blogdomassinha.com.br\/v1\/wp-content\/uploads\/2023\/12\/c509232e-584c-4c26-9600-c599e56b3a0a-300x225.jpeg\" alt=\"\" width=\"300\" height=\"225\" srcset=\"https:\/\/www.blogdomassinha.com.br\/v1\/wp-content\/uploads\/2023\/12\/c509232e-584c-4c26-9600-c599e56b3a0a-300x225.jpeg 300w, https:\/\/www.blogdomassinha.com.br\/v1\/wp-content\/uploads\/2023\/12\/c509232e-584c-4c26-9600-c599e56b3a0a.jpeg 600w\" sizes=\"(max-width: 300px) 100vw, 300px\" \/><\/p>\n<p class=\"p1\"><span class=\"s1\">Devido \u00e0 seca prolongada que tem impactado toda a regi\u00e3o Sudoeste da Bahia, a Prefeitura, atrav\u00e9s da Secretaria de Desenvolvimento Rural (SMDR), formalizou, nesta quarta-feira (6), um pedido de ajuda para \u00f3rg\u00e3os estaduais e federais, a fim de encontrar meios de apoio aos produtores locais.<\/span><\/p>\n<p class=\"p1\"><span class=\"s1\">O pedido foi apresentado pelo secret\u00e1rio de Desenvolvimento Rural, Breno Farias, aos diretores dos \u00f3rg\u00e3os da Companhia de Desenvolvimento e A\u00e7\u00e3o Regional (CAR) e da Companhia Nacional de Abastecimento (Conab), para que sejam fortalecidas as principais atividades agr\u00edcolas e garantidas melhores condi\u00e7\u00f5es de trabalho para a popula\u00e7\u00e3o da zona rural.<\/span><\/p>\n<p><img loading=\"lazy\" class=\"alignright size-medium wp-image-42448\" src=\"https:\/\/www.blogdomassinha.com.br\/v1\/wp-content\/uploads\/2023\/12\/2626a1e2-074d-4536-9bc0-734f60f14b81-225x300.jpeg\" alt=\"\" width=\"225\" height=\"300\" srcset=\"https:\/\/www.blogdomassinha.com.br\/v1\/wp-content\/uploads\/2023\/12\/2626a1e2-074d-4536-9bc0-734f60f14b81-225x300.jpeg 225w, https:\/\/www.blogdomassinha.com.br\/v1\/wp-content\/uploads\/2023\/12\/2626a1e2-074d-4536-9bc0-734f60f14b81.jpeg 375w\" sizes=\"(max-width: 225px) 100vw, 225px\" \/><\/p>\n<p class=\"p1\"><span class=\"s1\">O apelo surgiu a partir do encontro da SMDR com representantes de \u00f3rg\u00e3os locais, como a Cooperativa Mista Agropecu\u00e1ria Conquistense (Coopmac), a Associa\u00e7\u00e3o dos Produtores do Sudoeste da Bahia (Aprosuba), Servi\u00e7o Nacional de Aprendizagem Rural (Senar) e Sindicato dos Pequenos Produtores da Agricultura Familiar, com a participa\u00e7\u00e3o da Defesa Civil Municipal, realizado na \u00faltima ter\u00e7a-feira (5), quando se discutiu os impactos da seca no munic\u00edpio, especialmente em rela\u00e7\u00e3o ao produtor e \u00e0s possibilidades de solu\u00e7\u00e3o para o problema.<\/span><\/p>\n<p class=\"p1\"><span class=\"s1\">Segundo o secret\u00e1rio, o pedido j\u00e1 encontrou manifesta\u00e7\u00e3o positiva do diretor da Conab, Emmanuel Carneiro, que se comprometeu a viabilizar o programa Balc\u00e3o Conab, para que seja oportunizado, atrav\u00e9s de subs\u00eddios, a negocia\u00e7\u00e3o do milho a um valor menor do que o praticado pelo mercado. \u201cEsse milho vai ser subsidiado para dar um f\u00f4lego, uma ajuda ao produtor da nossa regi\u00e3o. Estaremos sempre procurando os \u00f3rg\u00e3os estaduais e federais que possam ajudar o homem do campo\u201d, afirmou.<\/span><!--more--><\/p>\n<p class=\"p1\"><span class=\"s1\"><img loading=\"lazy\" class=\"size-medium wp-image-42449 alignleft\" src=\"https:\/\/www.blogdomassinha.com.br\/v1\/wp-content\/uploads\/2023\/12\/2cae908b-1f64-42ef-a55e-2761b1924c60-300x225.jpeg\" alt=\"\" width=\"300\" height=\"225\" srcset=\"https:\/\/www.blogdomassinha.com.br\/v1\/wp-content\/uploads\/2023\/12\/2cae908b-1f64-42ef-a55e-2761b1924c60-300x225.jpeg 300w, https:\/\/www.blogdomassinha.com.br\/v1\/wp-content\/uploads\/2023\/12\/2cae908b-1f64-42ef-a55e-2761b1924c60.jpeg 600w\" sizes=\"(max-width: 300px) 100vw, 300px\" \/><br \/>\nBreno tamb\u00e9m ressalta que a iniciativa foi um pedido enf\u00e1tico da prefeita Sheila Lemos, que tem se mostrado comprometida em buscar medidas adicionais para auxiliar os agricultores e continuar promovendo o desenvolvimento rural na cidade. \u201cA prefeita est\u00e1 empenhada em procurar apoio para garantir as melhores condi\u00e7\u00f5es de trabalho e sustentabilidade para o homem do campo na regi\u00e3o\u201d, salientou.<\/span><\/p>\n<p class=\"p1\"><span class=\"s1\">Para isto, a SMDR e os demais \u00f3rg\u00e3os de apoio ao homem do campo v\u00e3o realizar, no dia 14 de dezembro, uma audi\u00eancia p\u00fablica na C\u00e2mara Municipal de Vereadores, a fim de debater as consequ\u00eancias da seca no munic\u00edpio e regi\u00e3o e abordar pontos como: parcelamento de d\u00edvidas dos produtores rurais; abertura de cr\u00e9ditos emergenciais; apoio t\u00e9cnico ao produtor e \u00e0 produtora rural, e disponibiliza\u00e7\u00e3o de recursos para auxiliar os munic\u00edpios na distribui\u00e7\u00e3o de \u00e1gua pot\u00e1vel \u00e0 popula\u00e7\u00e3o;<\/span><\/p>\n<p class=\"p1\"><span class=\"s1\">A expectativa com a audi\u00eancia \u00e9 que as tratativas avancem rapidamente e que os \u00f3rg\u00e3os competentes acelerem os dispositivos para que os produtores de Vit\u00f3ria da Conquista consigam enfrentar os impactos da seca de forma mais efetiva, e a popula\u00e7\u00e3o tenha garantida sua seguran\u00e7a alimentar e a sustentabilidade do setor agr\u00edcola local.<\/span><\/p>\n<p>&nbsp;<\/p>\n","protected":false},"excerpt":{"rendered":"<p>Devido \u00e0 seca prolongada que tem impactado toda a regi\u00e3o Sudoeste da Bahia, a Prefeitura, atrav\u00e9s da Secretaria de Desenvolvimento Rural (SMDR), formalizou, nesta quarta-feira (6), um pedido de ajuda para \u00f3rg\u00e3os estaduais e federais, a fim de encontrar meios de apoio aos produtores locais. O pedido foi apresentado pelo secret\u00e1rio de Desenvolvimento Rural, Breno [&hellip;]<\/p>\n","protected":false},"author":3,"featured_media":42447,"comment_status":"open","ping_status":"open","sticky":false,"template":"","format":"standard","meta":[],"categories":[7,1],"tags":[],"_links":{"self":[{"href":"https:\/\/www.blogdomassinha.com.br\/v1\/wp-json\/wp\/v2\/posts\/42446"}],"collection":[{"href":"https:\/\/www.blogdomassinha.com.br\/v1\/wp-json\/wp\/v2\/posts"}],"about":[{"href":"https:\/\/www.blogdomassinha.com.br\/v1\/wp-json\/wp\/v2\/types\/post"}],"author":[{"embeddable":true,"href":"https:\/\/www.blogdomassinha.com.br\/v1\/wp-json\/wp\/v2\/users\/3"}],"replies":[{"embeddable":true,"href":"https:\/\/www.blogdomassinha.com.br\/v1\/wp-json\/wp\/v2\/comments?post=42446"}],"version-history":[{"count":1,"href":"https:\/\/www.blogdomassinha.com.br\/v1\/wp-json\/wp\/v2\/posts\/42446\/revisions"}],"predecessor-version":[{"id":42450,"href":"https:\/\/www.blogdomassinha.com.br\/v1\/wp-json\/wp\/v2\/posts\/42446\/revisions\/42450"}],"wp:featuredmedia":[{"embeddable":true,"href":"https:\/\/www.blogdomassinha.com.br\/v1\/wp-json\/wp\/v2\/media\/42447"}],"wp:attachment":[{"href":"https:\/\/www.blogdomassinha.com.br\/v1\/wp-json\/wp\/v2\/media?parent=42446"}],"wp:term":[{"taxonomy":"category","embeddable":true,"href":"https:\/\/www.blogdomassinha.com.br\/v1\/wp-json\/wp\/v2\/categories?post=42446"},{"taxonomy":"post_tag","embeddable":true,"href":"https:\/\/www.blogdomassinha.com.br\/v1\/wp-json\/wp\/v2\/tags?post=42446"}],"curies":[{"name":"wp","href":"https:\/\/api.w.org\/{rel}","templated":true}]}}