{"id":42413,"date":"2023-12-06T19:01:29","date_gmt":"2023-12-06T22:01:29","guid":{"rendered":"https:\/\/www.blogdomassinha.com.br\/v1\/?p=42413"},"modified":"2023-12-06T19:01:29","modified_gmt":"2023-12-06T22:01:29","slug":"agencias-baianas-criam-guia-com-fornecedores-negros-na-comunicacao","status":"publish","type":"post","link":"https:\/\/www.blogdomassinha.com.br\/v1\/2023\/12\/06\/agencias-baianas-criam-guia-com-fornecedores-negros-na-comunicacao\/","title":{"rendered":"Ag\u00eancias baianas criam guia com fornecedores negros na comunica\u00e7\u00e3o"},"content":{"rendered":"<p><img loading=\"lazy\" class=\"size-medium wp-image-42414 alignleft\" src=\"https:\/\/www.blogdomassinha.com.br\/v1\/wp-content\/uploads\/2023\/12\/3621e2db-c91f-4586-bae2-2f32fd4708ff-300x300.jpeg\" alt=\"\" width=\"300\" height=\"300\" srcset=\"https:\/\/www.blogdomassinha.com.br\/v1\/wp-content\/uploads\/2023\/12\/3621e2db-c91f-4586-bae2-2f32fd4708ff-300x300.jpeg 300w, https:\/\/www.blogdomassinha.com.br\/v1\/wp-content\/uploads\/2023\/12\/3621e2db-c91f-4586-bae2-2f32fd4708ff-150x150.jpeg 150w, https:\/\/www.blogdomassinha.com.br\/v1\/wp-content\/uploads\/2023\/12\/3621e2db-c91f-4586-bae2-2f32fd4708ff.jpeg 500w\" sizes=\"(max-width: 300px) 100vw, 300px\" \/><\/p>\n<p class=\"p1\"><em><span class=\"s1\"><br \/>\nDocumento apresenta mais de 150 profissionais e\u00a0microempreendedores\u00a0atuantes na comunica\u00e7\u00e3o corporativa<\/span><\/em><\/p>\n<p>&nbsp;<\/p>\n<p class=\"p1\"><span class=\"s1\">Tr\u00eas ag\u00eancias de comunica\u00e7\u00e3o baianas acabaram de lan\u00e7ar um documento chamado Talentos Negros: guia de fornecedores negros na comunica\u00e7\u00e3o corporativa da Bahia. Lan\u00e7ada no \u00faltimo dia do novembro negro, a iniciativa \u00e9 o resultado de uma parceria das ag\u00eancias Comunicativa, Asminas e Carla Piaggio Design. \u00a0<\/span><\/p>\n<p class=\"p1\"><span class=\"s1\">O documento catalogou mais de 150 profissionais e microempreendedores negros da cadeia produtiva da comunica\u00e7\u00e3o corporativa. S\u00e3o designers, ilustradores, maquiadores, produtores de conte\u00fado, profissionais de marketing e eventos que atuam no mercado baiano. \u00a0<\/span><\/p>\n<p class=\"p1\"><span class=\"s1\">&#8220;Empoderamento come\u00e7a pela inclus\u00e3o financeira e pela visibilidade dessas e desses profissionais. Foi pensando nisso que criamos o Guia. N\u00e3o pretendemos que esse seja um documento definitivo e sabemos que \u00e9 uma pequena contribui\u00e7\u00e3o, mas entendemos que era urgente fazer algo para que n\u00e3o tenhamos mais que ouvir que n\u00e3o foram inclu\u00eddos profissionais negros nas a\u00e7\u00f5es porque eles n\u00e3o existem. Sim, existem, est\u00e3o a\u00ed criando, produzindo e gerando conte\u00fado, experi\u00eancias e cases relevantes para clientes, ag\u00eancias e marcas&#8221;, explica Mois\u00e9s Brito, s\u00f3cio-diretor da Comunicativa. \u00a0<\/span><!--more--><\/p>\n<p class=\"p1\"><span class=\"s1\">A CEO da ag\u00eancia Asminas, Dayane Oliveira, ressalta a import\u00e2ncia da resist\u00eancia desses profissionais. &#8220;O nosso prop\u00f3sito com a divulga\u00e7\u00e3o deste Guia \u00e9 propagar o talento e pot\u00eancia dos profissionais baianos que seguem resistindo, criando e gerando resultados&#8221;, afirma.\u00a0<\/span><\/p>\n<p class=\"p1\"><span class=\"s1\">Para a designer e empreendedora Carla Piaggio, participar da iniciativa refor\u00e7a o potencial da diversidade como geradora de riquezas. &#8220;Ser parceira nesta iniciativa \u00e9 para n\u00f3s parte do nosso prop\u00f3sito. Entendemos que dentro da comunidade negra \u00e9 poderoso priorizarmos contrata\u00e7\u00f5es e recomenda\u00e7\u00f5es entre n\u00f3s, exercendo ativamente o Black Money. E o mercado como um todo s\u00f3 tem a ganhar ampliando a diversidade de suas equipes e rede de fornecedores, pois isto agrega novas ideias, vis\u00f5es e contatos que enriquecem projetos e resultados&#8221;, ressalta Piaggio.\u00a0<\/span><\/p>\n<p class=\"p1\"><span class=\"s1\">O guia est\u00e1 dispon\u00edvel nas redes sociais e sites das ag\u00eancias e ser\u00e1 atualizado periodicamente atrav\u00e9s da colabora\u00e7\u00e3o de profissionais do mercado.\u00a0Para conhecer o material \u00e9 s\u00f3 clicar no link:\u00a0<a href=\"https:\/\/encurtador.com.br\/ijzV6\"><span class=\"s2\">https:\/\/encurtador.com.br\/ijzV6<\/span><\/a>\u00a0<\/span><\/p>\n","protected":false},"excerpt":{"rendered":"<p>Documento apresenta mais de 150 profissionais e\u00a0microempreendedores\u00a0atuantes na comunica\u00e7\u00e3o corporativa &nbsp; Tr\u00eas ag\u00eancias de comunica\u00e7\u00e3o baianas acabaram de lan\u00e7ar um documento chamado Talentos Negros: guia de fornecedores negros na comunica\u00e7\u00e3o corporativa da Bahia. Lan\u00e7ada no \u00faltimo dia do novembro negro, a iniciativa \u00e9 o resultado de uma parceria das ag\u00eancias Comunicativa, Asminas e Carla Piaggio [&hellip;]<\/p>\n","protected":false},"author":3,"featured_media":42414,"comment_status":"open","ping_status":"open","sticky":false,"template":"","format":"standard","meta":[],"categories":[7,1],"tags":[],"_links":{"self":[{"href":"https:\/\/www.blogdomassinha.com.br\/v1\/wp-json\/wp\/v2\/posts\/42413"}],"collection":[{"href":"https:\/\/www.blogdomassinha.com.br\/v1\/wp-json\/wp\/v2\/posts"}],"about":[{"href":"https:\/\/www.blogdomassinha.com.br\/v1\/wp-json\/wp\/v2\/types\/post"}],"author":[{"embeddable":true,"href":"https:\/\/www.blogdomassinha.com.br\/v1\/wp-json\/wp\/v2\/users\/3"}],"replies":[{"embeddable":true,"href":"https:\/\/www.blogdomassinha.com.br\/v1\/wp-json\/wp\/v2\/comments?post=42413"}],"version-history":[{"count":1,"href":"https:\/\/www.blogdomassinha.com.br\/v1\/wp-json\/wp\/v2\/posts\/42413\/revisions"}],"predecessor-version":[{"id":42415,"href":"https:\/\/www.blogdomassinha.com.br\/v1\/wp-json\/wp\/v2\/posts\/42413\/revisions\/42415"}],"wp:featuredmedia":[{"embeddable":true,"href":"https:\/\/www.blogdomassinha.com.br\/v1\/wp-json\/wp\/v2\/media\/42414"}],"wp:attachment":[{"href":"https:\/\/www.blogdomassinha.com.br\/v1\/wp-json\/wp\/v2\/media?parent=42413"}],"wp:term":[{"taxonomy":"category","embeddable":true,"href":"https:\/\/www.blogdomassinha.com.br\/v1\/wp-json\/wp\/v2\/categories?post=42413"},{"taxonomy":"post_tag","embeddable":true,"href":"https:\/\/www.blogdomassinha.com.br\/v1\/wp-json\/wp\/v2\/tags?post=42413"}],"curies":[{"name":"wp","href":"https:\/\/api.w.org\/{rel}","templated":true}]}}