{"id":42394,"date":"2023-12-05T11:00:54","date_gmt":"2023-12-05T14:00:54","guid":{"rendered":"https:\/\/www.blogdomassinha.com.br\/v1\/?p=42394"},"modified":"2023-12-05T11:00:54","modified_gmt":"2023-12-05T14:00:54","slug":"acelera-conquista-comecou-com-a-reurbanizacao-da-avenida-brumado","status":"publish","type":"post","link":"https:\/\/www.blogdomassinha.com.br\/v1\/2023\/12\/05\/acelera-conquista-comecou-com-a-reurbanizacao-da-avenida-brumado\/","title":{"rendered":"Acelera Conquista come\u00e7ou com a reurbaniza\u00e7\u00e3o da avenida Brumado"},"content":{"rendered":"<p class=\"p1\"><img loading=\"lazy\" class=\"size-medium wp-image-42395 alignleft\" src=\"https:\/\/www.blogdomassinha.com.br\/v1\/wp-content\/uploads\/2023\/12\/IMG_5447-300x169.jpeg\" alt=\"\" width=\"300\" height=\"169\" srcset=\"https:\/\/www.blogdomassinha.com.br\/v1\/wp-content\/uploads\/2023\/12\/IMG_5447-300x169.jpeg 300w, https:\/\/www.blogdomassinha.com.br\/v1\/wp-content\/uploads\/2023\/12\/IMG_5447.jpeg 600w\" sizes=\"(max-width: 300px) 100vw, 300px\" \/><\/p>\n<p class=\"p1\"><span class=\"s1\">Se depender da prefeita Sheila Lemos, a elei\u00e7\u00e3o municipal em Vit\u00f3ria da Conquista s\u00f3 ser\u00e1 discutida a partir de fevereiro, e esse prop\u00f3sito ela tem repetido a todo instante quando abordada pela imprensa. Sheila afirmou que sua prioridade, e da sua equipe, \u00e9 continuar entregando obras: \u201co que temos que fazer \u00e9 cuidar da nossa popula\u00e7\u00e3o que espera por promessas n\u00e3o cumpridas, e \u00e9 o que feito: trabalhado muito, essa \u00e9 nossa rotina di\u00e1ria\u201d, explica a gestora que tem sido cobrada por correligion\u00e1rios, o que ela espera, por exemplo, para indicar o vice que far\u00e1 parte da sua chapa.<\/span><\/p>\n<p class=\"p1\"><span class=\"s1\">Dois nomes que foram citados como poss\u00edveis vices me anteciparam que trabalham pelas suas reelei\u00e7\u00f5es, e com isso a fila quilom\u00e9trica que est\u00e1 formada para compor a chapa de Sheila diminui. O nome que aparece como consenso, que preenche os principais requisitos para ser o companheiro da prefeita Sheila na elei\u00e7\u00e3o que se aproxima, que aparece espontaneamente, \u00e9 o do m\u00e9dico Alo\u00edsio Alan, do Republicanos.<\/span><\/p>\n<p class=\"p1\"><span class=\"s1\">N\u00e3o h\u00e1 resist\u00eancia ao nome do Dr. Alan, ele, inclusive, j\u00e1 me adiantou que \u201cn\u00e3o se trata de uma exig\u00eancia, mas o ideal seria Sheila anunciar o seu vice em 01 de janeiro, acaba logo com especula\u00e7\u00f5es e libera cada pretendente para cuidar da sua vida pol\u00edtica\u201d, sugere Alan.<\/span><\/p>\n<p class=\"p1\"><span class=\"s1\">xxxxxxxxxxxx<\/span><\/p>\n<p class=\"p1\"><span class=\"s1\">A prefeita acompanha a movimenta\u00e7\u00e3o por parte do seu principal advers\u00e1rio, o petista Waldenor Pereira, que vem mantendo uma agenda quase que di\u00e1ria em Vit\u00f3ria da Conquista, seja na zona urbana, ou na rural.<\/span><!--more--><\/p>\n<p class=\"p1\"><span class=\"s1\"><img loading=\"lazy\" class=\"alignright size-medium wp-image-42396\" src=\"https:\/\/www.blogdomassinha.com.br\/v1\/wp-content\/uploads\/2023\/12\/IMG_5448-300x225.jpeg\" alt=\"\" width=\"300\" height=\"225\" srcset=\"https:\/\/www.blogdomassinha.com.br\/v1\/wp-content\/uploads\/2023\/12\/IMG_5448-300x225.jpeg 300w, https:\/\/www.blogdomassinha.com.br\/v1\/wp-content\/uploads\/2023\/12\/IMG_5448.jpeg 600w\" sizes=\"(max-width: 300px) 100vw, 300px\" \/><br \/>\nE o deputado mant\u00e9m uma agenda agressiva, contando com o apoio aberto do governador Jer\u00f4nimo Rodrigues, que anuncia mais uma visita \u00e0 nossa cidade para a pr\u00f3xima semana.<\/span><\/p>\n<p class=\"p1\"><span class=\"s1\">Dentro do seu prop\u00f3sito, e conforme ela prometeu, ontem, 4, j\u00e1 tinha homens da Emurc trabalhando na avenida Brumado. Essa ser\u00e1 uma obra que a prefeita espera entregar at\u00e9 ofinal do seu governo.<\/span><\/p>\n<p class=\"p1\"><span class=\"s1\">J\u00e1 tem data o jogo, os advers\u00e1rios j\u00e1 se conhecem, com quem entrar\u00e1 em campo, ningu\u00e9m sabe.<\/span><\/p>\n","protected":false},"excerpt":{"rendered":"<p>Se depender da prefeita Sheila Lemos, a elei\u00e7\u00e3o municipal em Vit\u00f3ria da Conquista s\u00f3 ser\u00e1 discutida a partir de fevereiro, e esse prop\u00f3sito ela tem repetido a todo instante quando abordada pela imprensa. Sheila afirmou que sua prioridade, e da sua equipe, \u00e9 continuar entregando obras: \u201co que temos que fazer \u00e9 cuidar da nossa [&hellip;]<\/p>\n","protected":false},"author":3,"featured_media":42395,"comment_status":"open","ping_status":"open","sticky":false,"template":"","format":"standard","meta":[],"categories":[7,1],"tags":[],"_links":{"self":[{"href":"https:\/\/www.blogdomassinha.com.br\/v1\/wp-json\/wp\/v2\/posts\/42394"}],"collection":[{"href":"https:\/\/www.blogdomassinha.com.br\/v1\/wp-json\/wp\/v2\/posts"}],"about":[{"href":"https:\/\/www.blogdomassinha.com.br\/v1\/wp-json\/wp\/v2\/types\/post"}],"author":[{"embeddable":true,"href":"https:\/\/www.blogdomassinha.com.br\/v1\/wp-json\/wp\/v2\/users\/3"}],"replies":[{"embeddable":true,"href":"https:\/\/www.blogdomassinha.com.br\/v1\/wp-json\/wp\/v2\/comments?post=42394"}],"version-history":[{"count":1,"href":"https:\/\/www.blogdomassinha.com.br\/v1\/wp-json\/wp\/v2\/posts\/42394\/revisions"}],"predecessor-version":[{"id":42397,"href":"https:\/\/www.blogdomassinha.com.br\/v1\/wp-json\/wp\/v2\/posts\/42394\/revisions\/42397"}],"wp:featuredmedia":[{"embeddable":true,"href":"https:\/\/www.blogdomassinha.com.br\/v1\/wp-json\/wp\/v2\/media\/42395"}],"wp:attachment":[{"href":"https:\/\/www.blogdomassinha.com.br\/v1\/wp-json\/wp\/v2\/media?parent=42394"}],"wp:term":[{"taxonomy":"category","embeddable":true,"href":"https:\/\/www.blogdomassinha.com.br\/v1\/wp-json\/wp\/v2\/categories?post=42394"},{"taxonomy":"post_tag","embeddable":true,"href":"https:\/\/www.blogdomassinha.com.br\/v1\/wp-json\/wp\/v2\/tags?post=42394"}],"curies":[{"name":"wp","href":"https:\/\/api.w.org\/{rel}","templated":true}]}}