{"id":42391,"date":"2023-12-04T16:29:04","date_gmt":"2023-12-04T19:29:04","guid":{"rendered":"https:\/\/www.blogdomassinha.com.br\/v1\/?p=42391"},"modified":"2023-12-04T16:29:04","modified_gmt":"2023-12-04T19:29:04","slug":"semana-de-controle-e-prevencao-a-corrupcao-comeca-nesta-segunda-feira-4","status":"publish","type":"post","link":"https:\/\/www.blogdomassinha.com.br\/v1\/2023\/12\/04\/semana-de-controle-e-prevencao-a-corrupcao-comeca-nesta-segunda-feira-4\/","title":{"rendered":"Semana de Controle e Preven\u00e7\u00e3o \u00e0 Corrup\u00e7\u00e3o come\u00e7a nesta segunda-feira, 4"},"content":{"rendered":"<p class=\"p1\"><img loading=\"lazy\" class=\"alignright size-medium wp-image-42392\" src=\"https:\/\/www.blogdomassinha.com.br\/v1\/wp-content\/uploads\/2023\/12\/fbd70ab2-eea2-4ce6-a833-e69e5e5ffa40-300x200.jpeg\" alt=\"\" width=\"300\" height=\"200\" srcset=\"https:\/\/www.blogdomassinha.com.br\/v1\/wp-content\/uploads\/2023\/12\/fbd70ab2-eea2-4ce6-a833-e69e5e5ffa40-300x200.jpeg 300w, https:\/\/www.blogdomassinha.com.br\/v1\/wp-content\/uploads\/2023\/12\/fbd70ab2-eea2-4ce6-a833-e69e5e5ffa40.jpeg 600w\" sizes=\"(max-width: 300px) 100vw, 300px\" \/><\/p>\n<p class=\"p1\"><span class=\"s1\">A Prefeitura de Vit\u00f3ria da Conquista, por meio da Secretaria Municipal de Transpar\u00eancia e da Procuradoria-Geral do Munic\u00edpio, realiza nesta segunda-feira (4), \u00e0s 19h, a cerim\u00f4nia de abertura da Semana de Controle e Preven\u00e7\u00e3o \u00e0 Corrup\u00e7\u00e3o, com o I F\u00f3rum de Gest\u00e3o P\u00fablica.<\/span><\/p>\n<p class=\"p1\"><span class=\"s1\">O evento, fruto da parceria com a Uni\u00e3o das Controladorias Internas do Estado da Bahia (UCIB) e da Rede de Controle da Gest\u00e3o P\u00fablica, acontece de 4 a 7 de dezembro, na Universidade Federal da Bahia campus An\u00edsio Teixeira.<\/span><\/p>\n<p class=\"p1\"><span class=\"s1\">A cerim\u00f4nia de abertura conta com uma vasta programa\u00e7\u00e3o e nomes de destaque do judici\u00e1rio. No in\u00edcio do F\u00f3rum de Gest\u00e3o P\u00fablica ser\u00e1 feita a confer\u00eancia \u201cCorrup\u00e7\u00e3o e compliance officer \u2013 controle e responsabilidade\u201d, com o jurista, professor e ex-ministro do Superior Tribunal de Justi\u00e7a (STJ), Nefi Cordeiro.<\/span><!--more--><\/p>\n<p class=\"p1\"><span class=\"s1\">Em seguida, \u00e9 a vez da palestra \u201cDesafios e oportunidades para a promo\u00e7\u00e3o da equidade de g\u00eaneros nas discuss\u00f5es governamentais \u2013 21 dias de ativismo pelo fim da viol\u00eancia contras as mulheres\u201d, com a ju\u00edza de Direito e coordenadora regional da Associa\u00e7\u00e3o dos Magistrados da Bahia, Adiane Jaqueline Neves da Silva Oliveira.<\/span><\/p>\n<p class=\"p1\"><span class=\"s1\">Para encerrar o primeiro dia da Semana de Controle e Preven\u00e7\u00e3o \u00e0 Corrup\u00e7\u00e3o, o procurador do STJD e presidente da Comiss\u00e3o Especial de Defesa do Consumidor da OAB Nacional, Walter Jos\u00e9 Fayad de Moura, ministra a palestra \u201cGovernan\u00e7a e preven\u00e7\u00e3o dos lit\u00edgios na advocacia p\u00fablica \u2013 desafios regulat\u00f3rios e legislativos\u201d.<\/span><\/p>\n<p class=\"p1\"><span class=\"s1\">No decorrer da Semana de Controle e Preven\u00e7\u00e3o \u00e0 Corrup\u00e7\u00e3o tamb\u00e9m ser\u00e3o realizados o I Encontro de Procuradores do Interior as Bahia, o III Semin\u00e1rio Regional de Controle Interno (UCIB) e o Semin\u00e1rio em Comemora\u00e7\u00e3o ao Dia Internacional Contra a Corrup\u00e7\u00e3o \u2013 Rede de Controle da Gest\u00e3o P\u00fablica. No total, 34 palestrantes estar\u00e3o presentes para a realiza\u00e7\u00e3o de tr\u00eas confer\u00eancias, sete palestras e 14 oficinas que destacam a atua\u00e7\u00e3o de profissionais das \u00e1reas de Controle Interno, Transpar\u00eancia, Ouvidoria, Correi\u00e7\u00e3o e Advocacia P\u00fablica.<\/span><\/p>\n","protected":false},"excerpt":{"rendered":"<p>A Prefeitura de Vit\u00f3ria da Conquista, por meio da Secretaria Municipal de Transpar\u00eancia e da Procuradoria-Geral do Munic\u00edpio, realiza nesta segunda-feira (4), \u00e0s 19h, a cerim\u00f4nia de abertura da Semana de Controle e Preven\u00e7\u00e3o \u00e0 Corrup\u00e7\u00e3o, com o I F\u00f3rum de Gest\u00e3o P\u00fablica. O evento, fruto da parceria com a Uni\u00e3o das Controladorias Internas do [&hellip;]<\/p>\n","protected":false},"author":3,"featured_media":42392,"comment_status":"open","ping_status":"open","sticky":false,"template":"","format":"standard","meta":[],"categories":[7,3],"tags":[],"_links":{"self":[{"href":"https:\/\/www.blogdomassinha.com.br\/v1\/wp-json\/wp\/v2\/posts\/42391"}],"collection":[{"href":"https:\/\/www.blogdomassinha.com.br\/v1\/wp-json\/wp\/v2\/posts"}],"about":[{"href":"https:\/\/www.blogdomassinha.com.br\/v1\/wp-json\/wp\/v2\/types\/post"}],"author":[{"embeddable":true,"href":"https:\/\/www.blogdomassinha.com.br\/v1\/wp-json\/wp\/v2\/users\/3"}],"replies":[{"embeddable":true,"href":"https:\/\/www.blogdomassinha.com.br\/v1\/wp-json\/wp\/v2\/comments?post=42391"}],"version-history":[{"count":1,"href":"https:\/\/www.blogdomassinha.com.br\/v1\/wp-json\/wp\/v2\/posts\/42391\/revisions"}],"predecessor-version":[{"id":42393,"href":"https:\/\/www.blogdomassinha.com.br\/v1\/wp-json\/wp\/v2\/posts\/42391\/revisions\/42393"}],"wp:featuredmedia":[{"embeddable":true,"href":"https:\/\/www.blogdomassinha.com.br\/v1\/wp-json\/wp\/v2\/media\/42392"}],"wp:attachment":[{"href":"https:\/\/www.blogdomassinha.com.br\/v1\/wp-json\/wp\/v2\/media?parent=42391"}],"wp:term":[{"taxonomy":"category","embeddable":true,"href":"https:\/\/www.blogdomassinha.com.br\/v1\/wp-json\/wp\/v2\/categories?post=42391"},{"taxonomy":"post_tag","embeddable":true,"href":"https:\/\/www.blogdomassinha.com.br\/v1\/wp-json\/wp\/v2\/tags?post=42391"}],"curies":[{"name":"wp","href":"https:\/\/api.w.org\/{rel}","templated":true}]}}