{"id":42388,"date":"2023-12-04T16:27:05","date_gmt":"2023-12-04T19:27:05","guid":{"rendered":"https:\/\/www.blogdomassinha.com.br\/v1\/?p=42388"},"modified":"2023-12-04T16:27:05","modified_gmt":"2023-12-04T19:27:05","slug":"prefeitura-lamenta-morte-do-empresario-cicero-pereira-amorim","status":"publish","type":"post","link":"https:\/\/www.blogdomassinha.com.br\/v1\/2023\/12\/04\/prefeitura-lamenta-morte-do-empresario-cicero-pereira-amorim\/","title":{"rendered":"Prefeitura lamenta morte do empres\u00e1rio C\u00edcero Pereira Amorim"},"content":{"rendered":"<p class=\"p1\"><img loading=\"lazy\" class=\"size-medium wp-image-42389 alignleft\" src=\"https:\/\/www.blogdomassinha.com.br\/v1\/wp-content\/uploads\/2023\/12\/1b2ebb2c-bb22-4985-91ab-ff01acaa4a7f-225x300.jpeg\" alt=\"\" width=\"225\" height=\"300\" srcset=\"https:\/\/www.blogdomassinha.com.br\/v1\/wp-content\/uploads\/2023\/12\/1b2ebb2c-bb22-4985-91ab-ff01acaa4a7f-225x300.jpeg 225w, https:\/\/www.blogdomassinha.com.br\/v1\/wp-content\/uploads\/2023\/12\/1b2ebb2c-bb22-4985-91ab-ff01acaa4a7f.jpeg 375w\" sizes=\"(max-width: 225px) 100vw, 225px\" \/><\/p>\n<p class=\"p1\"><span class=\"s1\">A Prefeitura Municipal de Vit\u00f3ria da Conquista manifesta profundo pesar pelo falecimento do empres\u00e1rio C\u00edcero Pereira Amorim, aos 103 anos, ocorrido neste domingo (3), em sua resid\u00eancia. <\/span><\/p>\n<p class=\"p1\"><span class=\"s1\">Pernambucano de Afogados da Ingazeira, C\u00edcero mudou-se para Vit\u00f3ria da Conquista em 1951, onde desenvolveu diferentes atividades comerciais, culminando com a cria\u00e7\u00e3o da empresa C. Amorim, que conta com lojas no munic\u00edpio e em outras cidades do estado. \u00c9 considerado um dos maiores empreendedores do munic\u00edpio e regi\u00e3o. Em 2014, recebeu o T\u00edtulo de Cidad\u00e3o Conquistense, tornando-se um dos conquistados por esta cidade. <\/span><\/p>\n<p class=\"p1\"><span class=\"s1\">Al\u00e9m do reconhecimento profissional, C\u00edcero Amorim deixa um legado de compromisso com quest\u00f5es comunit\u00e1rias e sociais. Sempre humano, fazia quest\u00e3o de manter um relacionamento pessoal com clientes, colaboradores e com a comunidade de um modo geral. Muito carism\u00e1tico, era figura presente em diversos eventos da cidade.<\/span><!--more--><\/p>\n<p class=\"p1\"><span class=\"s1\">Seu desejo de apoiar, fortalecer e orientar as fam\u00edlias do munic\u00edpio fez dele um dos fundadores do Movimento Familiar Crist\u00e3o de Vit\u00f3ria da Conquista, em 1968, movimento do qual participou at\u00e9 os \u00faltimos dias de sua vida. <\/span><\/p>\n<p class=\"p1\"><span class=\"s1\">O vel\u00f3rio acontece na sede do Sincom\u00e9rcio, na Rua Sifredo Pedral Sampaio, 720 \u2013 antiga Rua 10 de Novembro, entre os bairros Alto Maron e Recreio. O sepultamento ser\u00e1 \u00e0s 10 horas desta ter\u00e7a-feira (5), no Cemit\u00e9rio Parque da Cidade. <\/span><\/p>\n<p class=\"p1\"><span class=\"s1\">Nesse momento de dor, a prefeita Sheila Lemos manifesta pesar e solidariedade aos familiares, amigos, funcion\u00e1rios e a todos aqueles que, de alguma forma, tiveram suas vidas influenciadas pelo carinho e aten\u00e7\u00e3o de C\u00edcero Amorim.<\/span><\/p>\n","protected":false},"excerpt":{"rendered":"<p>A Prefeitura Municipal de Vit\u00f3ria da Conquista manifesta profundo pesar pelo falecimento do empres\u00e1rio C\u00edcero Pereira Amorim, aos 103 anos, ocorrido neste domingo (3), em sua resid\u00eancia. Pernambucano de Afogados da Ingazeira, C\u00edcero mudou-se para Vit\u00f3ria da Conquista em 1951, onde desenvolveu diferentes atividades comerciais, culminando com a cria\u00e7\u00e3o da empresa C. Amorim, que conta [&hellip;]<\/p>\n","protected":false},"author":3,"featured_media":42389,"comment_status":"open","ping_status":"open","sticky":false,"template":"","format":"standard","meta":[],"categories":[7,1],"tags":[],"_links":{"self":[{"href":"https:\/\/www.blogdomassinha.com.br\/v1\/wp-json\/wp\/v2\/posts\/42388"}],"collection":[{"href":"https:\/\/www.blogdomassinha.com.br\/v1\/wp-json\/wp\/v2\/posts"}],"about":[{"href":"https:\/\/www.blogdomassinha.com.br\/v1\/wp-json\/wp\/v2\/types\/post"}],"author":[{"embeddable":true,"href":"https:\/\/www.blogdomassinha.com.br\/v1\/wp-json\/wp\/v2\/users\/3"}],"replies":[{"embeddable":true,"href":"https:\/\/www.blogdomassinha.com.br\/v1\/wp-json\/wp\/v2\/comments?post=42388"}],"version-history":[{"count":1,"href":"https:\/\/www.blogdomassinha.com.br\/v1\/wp-json\/wp\/v2\/posts\/42388\/revisions"}],"predecessor-version":[{"id":42390,"href":"https:\/\/www.blogdomassinha.com.br\/v1\/wp-json\/wp\/v2\/posts\/42388\/revisions\/42390"}],"wp:featuredmedia":[{"embeddable":true,"href":"https:\/\/www.blogdomassinha.com.br\/v1\/wp-json\/wp\/v2\/media\/42389"}],"wp:attachment":[{"href":"https:\/\/www.blogdomassinha.com.br\/v1\/wp-json\/wp\/v2\/media?parent=42388"}],"wp:term":[{"taxonomy":"category","embeddable":true,"href":"https:\/\/www.blogdomassinha.com.br\/v1\/wp-json\/wp\/v2\/categories?post=42388"},{"taxonomy":"post_tag","embeddable":true,"href":"https:\/\/www.blogdomassinha.com.br\/v1\/wp-json\/wp\/v2\/tags?post=42388"}],"curies":[{"name":"wp","href":"https:\/\/api.w.org\/{rel}","templated":true}]}}