{"id":42277,"date":"2023-12-03T02:36:09","date_gmt":"2023-12-03T05:36:09","guid":{"rendered":"https:\/\/www.blogdomassinha.com.br\/v1\/?p=42277"},"modified":"2023-12-03T02:36:09","modified_gmt":"2023-12-03T05:36:09","slug":"carlinhos-brown-e-o-cara-ex-vendedor-de-picole-e-empresario-cultural-e-empreendedor-o-cacique-fara-palestra-com-o-tema-caminhos-inovadores","status":"publish","type":"post","link":"https:\/\/www.blogdomassinha.com.br\/v1\/2023\/12\/03\/carlinhos-brown-e-o-cara-ex-vendedor-de-picole-e-empresario-cultural-e-empreendedor-o-cacique-fara-palestra-com-o-tema-caminhos-inovadores\/","title":{"rendered":"Carlinhos Brown \u00e9 o cara! Ex-vendedor de picol\u00e9, \u00e9 empres\u00e1rio cultural e empreendedor. O \u201ccacique\u201d far\u00e1 palestra com o tema \u201cCaminhos Inovadores\u201d"},"content":{"rendered":"<p class=\"p1\"><img loading=\"lazy\" class=\"size-medium wp-image-42278 alignleft\" src=\"https:\/\/www.blogdomassinha.com.br\/v1\/wp-content\/uploads\/2023\/12\/a64143a8-292c-4263-a7b0-7d2d3ab60eec-200x300.jpeg\" alt=\"\" width=\"200\" height=\"300\" srcset=\"https:\/\/www.blogdomassinha.com.br\/v1\/wp-content\/uploads\/2023\/12\/a64143a8-292c-4263-a7b0-7d2d3ab60eec-200x300.jpeg 200w, https:\/\/www.blogdomassinha.com.br\/v1\/wp-content\/uploads\/2023\/12\/a64143a8-292c-4263-a7b0-7d2d3ab60eec.jpeg 334w\" sizes=\"(max-width: 200px) 100vw, 200px\" \/><\/p>\n<p class=\"p1\"><span class=\"s1\">Brown \u00e9 um revolucion\u00e1rio da m\u00fasica baiana, que por sua vez transcende os nossos limites territoriais e j\u00e1 ganhou o mundo, gra\u00e7as a artistas como ele que n\u00e3o se limitam a fazer shows dentro do pa\u00eds.<\/span><\/p>\n<p class=\"p1\"><span class=\"s1\">Brown \u00e9 um n\u00f4made, \u00e9 um ativo propagador da nossa m\u00fasica percussiva, \u00e9 um ativista, multi-instrumentista, canta e comp\u00f5e, \u00e9 o criador da Timbalalada, \u00e9 tamb\u00e9m o art\u00edfice do Guetho Square, por isso mesmo \u00e9 requisitado para participar de in\u00fameros projetos culturais, dentro e fora do pa\u00eds, agora mesmo ser\u00e1 palestrante na terceira edi\u00e7\u00e3o do projeto Caminhos Inovadores, uma iniciativa da Funda\u00e7\u00e3o \u00cdndigo.<\/span><\/p>\n<p class=\"p1\"><span class=\"s1\">O evento ocorrer\u00e1 no pr\u00f3ximo dia 11 de dezembro, a partir das 18h, no Centro de Conven\u00e7\u00f5es de Salvador.<\/span><!--more--><\/p>\n<p class=\"p1\"><span class=\"s1\"> xxxxxxxxxxxx<\/span><\/p>\n<p class=\"p1\"><span class=\"s1\">O ex-prefeito de Salvador e ex-candidato ao governo do estado nas elei\u00e7\u00f5es do ano passado, ACM Neto, \u00e9 o presidente da Funda\u00e7\u00e3o \u00cdndigo e destacou: \u201cCaminhos Inovadores \u00e9 uma plataforma criada para debater temas que s\u00e3o desafios para o futuro do Brasil. Nosso foco \u00e9 a educa\u00e7\u00e3o, sustentabilidade, desenvolvimento econ\u00f4mico, inova\u00e7\u00e3o e criatividade, e como tudo isso pode melhorar a elabora\u00e7\u00e3o de pol\u00edticas p\u00fablicas capazes de transformar a vida de toda a sociedade\u201d, afirma Neto.<\/span><\/p>\n<p class=\"p1\"><span class=\"s1\">Ainda sobre Brown, \u201co artista em sua palestra \u201890% transpira\u00e7\u00e3o, 10% inspira\u00e7\u00e3o\u2019 vai contar como venceu os desafios at\u00e9 se transformar em um dos maiores nomes da m\u00fasica brasileira\u201d, destaca a assessoria do evento.<\/span><\/p>\n","protected":false},"excerpt":{"rendered":"<p>Brown \u00e9 um revolucion\u00e1rio da m\u00fasica baiana, que por sua vez transcende os nossos limites territoriais e j\u00e1 ganhou o mundo, gra\u00e7as a artistas como ele que n\u00e3o se limitam a fazer shows dentro do pa\u00eds. Brown \u00e9 um n\u00f4made, \u00e9 um ativo propagador da nossa m\u00fasica percussiva, \u00e9 um ativista, multi-instrumentista, canta e comp\u00f5e, [&hellip;]<\/p>\n","protected":false},"author":3,"featured_media":42278,"comment_status":"open","ping_status":"open","sticky":false,"template":"","format":"standard","meta":[],"categories":[7,3],"tags":[],"_links":{"self":[{"href":"https:\/\/www.blogdomassinha.com.br\/v1\/wp-json\/wp\/v2\/posts\/42277"}],"collection":[{"href":"https:\/\/www.blogdomassinha.com.br\/v1\/wp-json\/wp\/v2\/posts"}],"about":[{"href":"https:\/\/www.blogdomassinha.com.br\/v1\/wp-json\/wp\/v2\/types\/post"}],"author":[{"embeddable":true,"href":"https:\/\/www.blogdomassinha.com.br\/v1\/wp-json\/wp\/v2\/users\/3"}],"replies":[{"embeddable":true,"href":"https:\/\/www.blogdomassinha.com.br\/v1\/wp-json\/wp\/v2\/comments?post=42277"}],"version-history":[{"count":1,"href":"https:\/\/www.blogdomassinha.com.br\/v1\/wp-json\/wp\/v2\/posts\/42277\/revisions"}],"predecessor-version":[{"id":42279,"href":"https:\/\/www.blogdomassinha.com.br\/v1\/wp-json\/wp\/v2\/posts\/42277\/revisions\/42279"}],"wp:featuredmedia":[{"embeddable":true,"href":"https:\/\/www.blogdomassinha.com.br\/v1\/wp-json\/wp\/v2\/media\/42278"}],"wp:attachment":[{"href":"https:\/\/www.blogdomassinha.com.br\/v1\/wp-json\/wp\/v2\/media?parent=42277"}],"wp:term":[{"taxonomy":"category","embeddable":true,"href":"https:\/\/www.blogdomassinha.com.br\/v1\/wp-json\/wp\/v2\/categories?post=42277"},{"taxonomy":"post_tag","embeddable":true,"href":"https:\/\/www.blogdomassinha.com.br\/v1\/wp-json\/wp\/v2\/tags?post=42277"}],"curies":[{"name":"wp","href":"https:\/\/api.w.org\/{rel}","templated":true}]}}