{"id":42274,"date":"2023-12-02T16:44:28","date_gmt":"2023-12-02T19:44:28","guid":{"rendered":"https:\/\/www.blogdomassinha.com.br\/v1\/?p=42274"},"modified":"2023-12-02T16:44:28","modified_gmt":"2023-12-02T19:44:28","slug":"ficara-muita-bonita-a-nossa-catedral-restaurada-se-juntando-a-iluminacao-natalina-da-praca-diz-dom-josafa-menezes-arcebispo-de-conquista","status":"publish","type":"post","link":"https:\/\/www.blogdomassinha.com.br\/v1\/2023\/12\/02\/ficara-muita-bonita-a-nossa-catedral-restaurada-se-juntando-a-iluminacao-natalina-da-praca-diz-dom-josafa-menezes-arcebispo-de-conquista\/","title":{"rendered":"\u201cFicar\u00e1 muita bonita a nossa catedral restaurada, se juntando \u00e0 ilumina\u00e7\u00e3o natalina da pra\u00e7a\u201d, diz Dom Josaf\u00e1 Menezes, Arcebispo de Conquista"},"content":{"rendered":"<p class=\"p1\"><img loading=\"lazy\" class=\"size-medium wp-image-42275 alignleft\" src=\"https:\/\/www.blogdomassinha.com.br\/v1\/wp-content\/uploads\/2023\/12\/IMG_5287-300x200.jpeg\" alt=\"\" width=\"300\" height=\"200\" srcset=\"https:\/\/www.blogdomassinha.com.br\/v1\/wp-content\/uploads\/2023\/12\/IMG_5287-300x200.jpeg 300w, https:\/\/www.blogdomassinha.com.br\/v1\/wp-content\/uploads\/2023\/12\/IMG_5287.jpeg 600w\" sizes=\"(max-width: 300px) 100vw, 300px\" \/><\/p>\n<p class=\"p1\"><span class=\"s1\">Daqui a pouco a prefeita Sheila Lemos entregar\u00e1 a popula\u00e7\u00e3o conquistense a bel\u00edssima pra\u00e7a Tancredo Neves, um dos principais cart\u00f5es postais da cidade, com uma ilumina\u00e7\u00e3o que envolver\u00e1 todos os nativos e visitantes num clima de festejo natalino e festas de final de ano.<\/span><\/p>\n<p class=\"p1\"><span class=\"s1\">\u201cO Natal \u00e9 um momento de alegria, quando festejamos o nascimento de Cristo. Todos estaremos envolvidos nesse clima de f\u00e9 e paz\u201d, disse Dom Josaf\u00e1 Menezes em entrevista ao nosso programa Agito Geral, na \u00faltima quarta-feira, 29.<\/span><\/p>\n<p class=\"p1\"><span class=\"s1\">\u00c0s 18h, hoje, a prefeita Sheila Lemos, acompanhada de membros do governo, acender\u00e1 as luzes da pra\u00e7a Tancredo Neves e convida a popula\u00e7\u00e3o a fazer-se presente para apreciar um bel\u00edssimo cen\u00e1rio de luzes e cores. A Secretaria de Cultura e Turismo adianta que \u201cesse ano, a exemplo dos anos anteriores, teremos um trabalho muito bonito e traremos novidades, como estrelas gigantes e meteoros\u201d.<\/span><\/p>\n","protected":false},"excerpt":{"rendered":"<p>Daqui a pouco a prefeita Sheila Lemos entregar\u00e1 a popula\u00e7\u00e3o conquistense a bel\u00edssima pra\u00e7a Tancredo Neves, um dos principais cart\u00f5es postais da cidade, com uma ilumina\u00e7\u00e3o que envolver\u00e1 todos os nativos e visitantes num clima de festejo natalino e festas de final de ano. \u201cO Natal \u00e9 um momento de alegria, quando festejamos o nascimento [&hellip;]<\/p>\n","protected":false},"author":3,"featured_media":42275,"comment_status":"open","ping_status":"open","sticky":false,"template":"","format":"standard","meta":[],"categories":[7,1],"tags":[],"_links":{"self":[{"href":"https:\/\/www.blogdomassinha.com.br\/v1\/wp-json\/wp\/v2\/posts\/42274"}],"collection":[{"href":"https:\/\/www.blogdomassinha.com.br\/v1\/wp-json\/wp\/v2\/posts"}],"about":[{"href":"https:\/\/www.blogdomassinha.com.br\/v1\/wp-json\/wp\/v2\/types\/post"}],"author":[{"embeddable":true,"href":"https:\/\/www.blogdomassinha.com.br\/v1\/wp-json\/wp\/v2\/users\/3"}],"replies":[{"embeddable":true,"href":"https:\/\/www.blogdomassinha.com.br\/v1\/wp-json\/wp\/v2\/comments?post=42274"}],"version-history":[{"count":1,"href":"https:\/\/www.blogdomassinha.com.br\/v1\/wp-json\/wp\/v2\/posts\/42274\/revisions"}],"predecessor-version":[{"id":42276,"href":"https:\/\/www.blogdomassinha.com.br\/v1\/wp-json\/wp\/v2\/posts\/42274\/revisions\/42276"}],"wp:featuredmedia":[{"embeddable":true,"href":"https:\/\/www.blogdomassinha.com.br\/v1\/wp-json\/wp\/v2\/media\/42275"}],"wp:attachment":[{"href":"https:\/\/www.blogdomassinha.com.br\/v1\/wp-json\/wp\/v2\/media?parent=42274"}],"wp:term":[{"taxonomy":"category","embeddable":true,"href":"https:\/\/www.blogdomassinha.com.br\/v1\/wp-json\/wp\/v2\/categories?post=42274"},{"taxonomy":"post_tag","embeddable":true,"href":"https:\/\/www.blogdomassinha.com.br\/v1\/wp-json\/wp\/v2\/tags?post=42274"}],"curies":[{"name":"wp","href":"https:\/\/api.w.org\/{rel}","templated":true}]}}