{"id":42220,"date":"2023-11-29T00:07:15","date_gmt":"2023-11-29T03:07:15","guid":{"rendered":"https:\/\/www.blogdomassinha.com.br\/v1\/?p=42220"},"modified":"2023-11-29T00:07:15","modified_gmt":"2023-11-29T03:07:15","slug":"ao-lado-da-ministra-governador-anuncia-mais-investimentos-para-a-saude-de-vitoria-da-conquista","status":"publish","type":"post","link":"https:\/\/www.blogdomassinha.com.br\/v1\/2023\/11\/29\/ao-lado-da-ministra-governador-anuncia-mais-investimentos-para-a-saude-de-vitoria-da-conquista\/","title":{"rendered":"Ao lado da ministra, governador anuncia mais investimentos para a sa\u00fade de Vit\u00f3ria da Conquista"},"content":{"rendered":"<p class=\"p1\"><img loading=\"lazy\" class=\"size-medium wp-image-42221 alignleft\" src=\"https:\/\/www.blogdomassinha.com.br\/v1\/wp-content\/uploads\/2023\/11\/a5959996-a5ed-49c1-86de-9b01afdca4a9-300x200.jpeg\" alt=\"\" width=\"300\" height=\"200\" srcset=\"https:\/\/www.blogdomassinha.com.br\/v1\/wp-content\/uploads\/2023\/11\/a5959996-a5ed-49c1-86de-9b01afdca4a9-300x200.jpeg 300w, https:\/\/www.blogdomassinha.com.br\/v1\/wp-content\/uploads\/2023\/11\/a5959996-a5ed-49c1-86de-9b01afdca4a9.jpeg 600w\" sizes=\"(max-width: 300px) 100vw, 300px\" \/><\/p>\n<p class=\"p1\"><span class=\"s1\">A sa\u00fade de Vit\u00f3ria da Conquista e outras cidades da regi\u00e3o sudoeste da Bahia vai ter um investimento de aproximadamente R$ 22 milh\u00f5es. O an\u00fancio foi feito nesta segunda-feira (27), pelo governador Jer\u00f4nimo Rodrigues, acompanhado da ministra da Sa\u00fade, N\u00edsia Trindade, e da secret\u00e1ria estadual da pasta, Roberta Santana, durante evento no Hospital Afr\u00e2nio Peixoto. De acordo com o governador, este pacote de investimentos tem grande relev\u00e2ncia para a regi\u00e3o. <\/span><\/p>\n<p class=\"p1\"><span class=\"s1\">\u201cOs investimentos em sa\u00fade s\u00e3o para que os baianos tenham plena assist\u00eancia. Agora, \u00e9 acelerar as obras, porque o diagn\u00f3stico precoce salva vidas e o acesso ao tratamento adequado precisa ser imediato\u201d, ressaltou o governador Jer\u00f4nimo Rodrigues. <\/span><\/p>\n<p class=\"p1\"><span class=\"s1\">Entre as a\u00e7\u00f5es est\u00e1 a distribui\u00e7\u00e3o de 12 ambul\u00e2ncias para o Servi\u00e7o de Atendimento M\u00f3vel de Urg\u00eancia (SAMU) dos munic\u00edpios de Aracatu, Barra da Estiva, Canavieiras, C\u00e2ndido Sales, Carinhanha, Ibirataia, Itapetinga, Jaguaquara, Maetinga, Paramirim, Po\u00e7\u00f5es e Vit\u00f3ria da Conquista. Oito s\u00e3o para renova\u00e7\u00e3o e quatro para expans\u00e3o da frota. Foram destinados mais de R$ 3,5 milh\u00f5es para a compra dos ve\u00edculos. Na manh\u00e3 desta segunda (27), foram entregues outras 36 ambul\u00e2ncias para o Samu em Salvador. Tamb\u00e9m foi entregue um ve\u00edculo para o Hospital Geral de Vit\u00f3ria da Conquista.<\/span><\/p>\n<p class=\"p1\"><span class=\"s1\">Para a ministra N\u00edsia Trindade, esses equipamentos v\u00e3o possibilitar um melhor suporte aos servi\u00e7os de sa\u00fade. \u201cNesses 20 anos do Samu, temos a boa not\u00edcia da entrega de mais 1.760 ambul\u00e2ncias em todo o pa\u00eds. Dessas, 200 s\u00e3o para a Bahia. A a\u00e7\u00e3o faz parte da parceria com estados e munic\u00edpios para fortalecer a aten\u00e7\u00e3o \u00e0 sa\u00fade\u201d. A ministra tamb\u00e9m afirmou que quase R$ 31 bilh\u00f5es do novo PAC ser\u00e3o para o segmento. \u201cUm dos contemplados ser\u00e1 o Hospital Geral de Vit\u00f3ria da Conquista, com a amplia\u00e7\u00e3o\u201d.<\/span><!--more--><\/p>\n<p class=\"p1\"><span class=\"s1\">Al\u00e9m disso, o Hospital Afr\u00e2nio Peixoto recebeu duas autoriza\u00e7\u00f5es: uma para a elabora\u00e7\u00e3o de projeto b\u00e1sico para a implanta\u00e7\u00e3o do Centro de Bioimagem. O plano deve ser finalizado at\u00e9 o pr\u00f3ximo m\u00eas de dezembro, ao custo de R$ 135 mil. A execu\u00e7\u00e3o est\u00e1 or\u00e7ada em aproximadamente R$ 9,8 milh\u00f5es, dividido entre obra, equipamentos e mobili\u00e1rio. A outra foi para a licita\u00e7\u00e3o de 20 leitos de Unidade de Terapia Intensiva (UTI). O valor \u00e9 de quase R$ 8,2 milh\u00f5es. Tamb\u00e9m foi firmado um credenciamento com o Hospital Unimec, que possibilitar\u00e1 a contrata\u00e7\u00e3o de 20 leitos de retaguarda para a rede de aten\u00e7\u00e3o \u00e0s emerg\u00eancias do estado. O investimento anual \u00e9 de R$ 3,6 milh\u00f5es. <\/span><\/p>\n<p class=\"p1\"><span class=\"s1\">A Secretaria estadual da Sa\u00fade foi autorizada ainda a firmar conv\u00eanio com a Santa Casa de Vit\u00f3ria da Conquista para melhoria da assist\u00eancia \u00e0 sa\u00fade por meio do programa de resid\u00eancia m\u00e9dica da institui\u00e7\u00e3o. Esta a\u00e7\u00e3o tem o valor de R$ 150 mil. <\/span><\/p>\n<p class=\"p1\"><span class=\"s1\">A secret\u00e1ria Roberta Santana considera as contribui\u00e7\u00f5es para uma sa\u00fade mais estruturada para os moradores da regi\u00e3o. \u201cA central de bioimagem vai mudar o perfil de atendimento do Afr\u00e2nio Peixoto para ortopedia de alta complexidade e vascular. Com gest\u00e3o independente, ter\u00e1 uma produtividade melhor\u201d, afirmou a titular da Sesab. Em rela\u00e7\u00e3o \u00e0 expans\u00e3o do Samu, ela explicou 33 das 48 ambul\u00e2ncias entregues foram munic\u00edpios que n\u00e3o tinham o servi\u00e7o. \u201cA expectativa \u00e9 chegar a 100% de cobertura no estado\u201d, completou.<\/span><\/p>\n<p class=\"p1\"><span class=\"s1\">A comitiva ainda vistoriou as obras para a constru\u00e7\u00e3o dos pr\u00e9dios da radioterapia e do Hemocentro do Hospital Geral de Vit\u00f3ria da Conquista (HGVC). Ser\u00e3o atendidos moradores de 84 munic\u00edpios. O pr\u00e9dio para implanta\u00e7\u00e3o da radioterapia est\u00e1 com 36% das obras executadas. A previs\u00e3o \u00e9 que seja conclu\u00edda em junho de 2024. O investimento \u00e9 de quase R$ 9,2 milh\u00f5es. J\u00e1 o hemocentro est\u00e1 com 62,87% executado. A entrega est\u00e1 prevista para janeiro de 2024. Foram aplicados pouco mais de R$ 4 milh\u00f5es.<\/span><\/p>\n\n\t\t<style type=\"text\/css\">\n\t\t\t#gallery-1 {\n\t\t\t\tmargin: auto;\n\t\t\t}\n\t\t\t#gallery-1 .gallery-item {\n\t\t\t\tfloat: left;\n\t\t\t\tmargin-top: 10px;\n\t\t\t\ttext-align: center;\n\t\t\t\twidth: 33%;\n\t\t\t}\n\t\t\t#gallery-1 img {\n\t\t\t\tborder: 2px solid #cfcfcf;\n\t\t\t}\n\t\t\t#gallery-1 .gallery-caption {\n\t\t\t\tmargin-left: 0;\n\t\t\t}\n\t\t\t\/* see gallery_shortcode() in wp-includes\/media.php *\/\n\t\t<\/style>\n\t\t<div id='gallery-1' class='gallery galleryid-42220 gallery-columns-3 gallery-size-thumbnail'><dl class='gallery-item'>\n\t\t\t<dt class='gallery-icon landscape'>\n\t\t\t\t<a href=\"https:\/\/www.blogdomassinha.com.br\/v1\/wp-content\/uploads\/2023\/11\/a5959996-a5ed-49c1-86de-9b01afdca4a9.jpeg\" class=\"gallery_colorbox\"><img width=\"150\" height=\"150\" src=\"https:\/\/www.blogdomassinha.com.br\/v1\/wp-content\/uploads\/2023\/11\/a5959996-a5ed-49c1-86de-9b01afdca4a9-150x150.jpeg\"  class=\"attachment-thumbnail size-thumbnail\" alt=\"\" loading=\"lazy\" \/><\/a>\n\t\t\t<\/dt><\/dl><dl class='gallery-item'>\n\t\t\t<dt class='gallery-icon landscape'>\n\t\t\t\t<a href=\"https:\/\/www.blogdomassinha.com.br\/v1\/wp-content\/uploads\/2023\/11\/a5eed449-c7dd-40b6-a81c-cde760afebe7.jpeg\" class=\"gallery_colorbox\"><img width=\"150\" height=\"150\" src=\"https:\/\/www.blogdomassinha.com.br\/v1\/wp-content\/uploads\/2023\/11\/a5eed449-c7dd-40b6-a81c-cde760afebe7-150x150.jpeg\"  class=\"attachment-thumbnail size-thumbnail\" alt=\"\" loading=\"lazy\" \/><\/a>\n\t\t\t<\/dt><\/dl><dl class='gallery-item'>\n\t\t\t<dt class='gallery-icon landscape'>\n\t\t\t\t<a href=\"https:\/\/www.blogdomassinha.com.br\/v1\/wp-content\/uploads\/2023\/11\/3ef55386-a505-4211-8218-ff54f0b94e38.jpeg\" class=\"gallery_colorbox\"><img width=\"150\" height=\"150\" src=\"https:\/\/www.blogdomassinha.com.br\/v1\/wp-content\/uploads\/2023\/11\/3ef55386-a505-4211-8218-ff54f0b94e38-150x150.jpeg\"  class=\"attachment-thumbnail size-thumbnail\" alt=\"\" loading=\"lazy\" \/><\/a>\n\t\t\t<\/dt><\/dl><br style=\"clear: both\" \/><dl class='gallery-item'>\n\t\t\t<dt class='gallery-icon landscape'>\n\t\t\t\t<a href=\"https:\/\/www.blogdomassinha.com.br\/v1\/wp-content\/uploads\/2023\/11\/ac81ebba-a7b0-42bd-8596-f77fc0fe7960.jpeg\" class=\"gallery_colorbox\"><img width=\"150\" height=\"150\" src=\"https:\/\/www.blogdomassinha.com.br\/v1\/wp-content\/uploads\/2023\/11\/ac81ebba-a7b0-42bd-8596-f77fc0fe7960-150x150.jpeg\"  class=\"attachment-thumbnail size-thumbnail\" alt=\"\" loading=\"lazy\" \/><\/a>\n\t\t\t<\/dt><\/dl><dl class='gallery-item'>\n\t\t\t<dt class='gallery-icon landscape'>\n\t\t\t\t<a href=\"https:\/\/www.blogdomassinha.com.br\/v1\/wp-content\/uploads\/2023\/11\/82637151-0ceb-406b-bfa0-830c74190582.jpeg\" class=\"gallery_colorbox\"><img width=\"150\" height=\"150\" src=\"https:\/\/www.blogdomassinha.com.br\/v1\/wp-content\/uploads\/2023\/11\/82637151-0ceb-406b-bfa0-830c74190582-150x150.jpeg\"  class=\"attachment-thumbnail size-thumbnail\" alt=\"\" loading=\"lazy\" \/><\/a>\n\t\t\t<\/dt><\/dl><dl class='gallery-item'>\n\t\t\t<dt class='gallery-icon landscape'>\n\t\t\t\t<a href=\"https:\/\/www.blogdomassinha.com.br\/v1\/wp-content\/uploads\/2023\/11\/8320f13c-68e7-4193-91da-9e882300673a.jpeg\" class=\"gallery_colorbox\"><img width=\"150\" height=\"150\" src=\"https:\/\/www.blogdomassinha.com.br\/v1\/wp-content\/uploads\/2023\/11\/8320f13c-68e7-4193-91da-9e882300673a-150x150.jpeg\"  class=\"attachment-thumbnail size-thumbnail\" alt=\"\" loading=\"lazy\" \/><\/a>\n\t\t\t<\/dt><\/dl><br style=\"clear: both\" \/><dl class='gallery-item'>\n\t\t\t<dt class='gallery-icon landscape'>\n\t\t\t\t<a href=\"https:\/\/www.blogdomassinha.com.br\/v1\/wp-content\/uploads\/2023\/11\/de08748c-d5e4-4cbe-8928-e50a26d0a681.jpeg\" class=\"gallery_colorbox\"><img width=\"150\" height=\"150\" src=\"https:\/\/www.blogdomassinha.com.br\/v1\/wp-content\/uploads\/2023\/11\/de08748c-d5e4-4cbe-8928-e50a26d0a681-150x150.jpeg\"  class=\"attachment-thumbnail size-thumbnail\" alt=\"\" loading=\"lazy\" \/><\/a>\n\t\t\t<\/dt><\/dl><dl class='gallery-item'>\n\t\t\t<dt class='gallery-icon landscape'>\n\t\t\t\t<a href=\"https:\/\/www.blogdomassinha.com.br\/v1\/wp-content\/uploads\/2023\/11\/35f98f44-8307-460b-931d-056bb462f152.jpeg\" class=\"gallery_colorbox\"><img width=\"150\" height=\"150\" src=\"https:\/\/www.blogdomassinha.com.br\/v1\/wp-content\/uploads\/2023\/11\/35f98f44-8307-460b-931d-056bb462f152-150x150.jpeg\"  class=\"attachment-thumbnail size-thumbnail\" alt=\"\" loading=\"lazy\" \/><\/a>\n\t\t\t<\/dt><\/dl><dl class='gallery-item'>\n\t\t\t<dt class='gallery-icon landscape'>\n\t\t\t\t<a href=\"https:\/\/www.blogdomassinha.com.br\/v1\/wp-content\/uploads\/2023\/11\/87db0ce3-a1d0-4b56-aa1b-384fc0b227b6.jpeg\" class=\"gallery_colorbox\"><img width=\"150\" height=\"150\" src=\"https:\/\/www.blogdomassinha.com.br\/v1\/wp-content\/uploads\/2023\/11\/87db0ce3-a1d0-4b56-aa1b-384fc0b227b6-150x150.jpeg\"  class=\"attachment-thumbnail size-thumbnail\" alt=\"\" loading=\"lazy\" \/><\/a>\n\t\t\t<\/dt><\/dl><br style=\"clear: both\" \/><dl class='gallery-item'>\n\t\t\t<dt class='gallery-icon landscape'>\n\t\t\t\t<a href=\"https:\/\/www.blogdomassinha.com.br\/v1\/wp-content\/uploads\/2023\/11\/87585b98-f362-48f2-8aef-a608fab434c6.jpeg\" class=\"gallery_colorbox\"><img width=\"150\" height=\"150\" src=\"https:\/\/www.blogdomassinha.com.br\/v1\/wp-content\/uploads\/2023\/11\/87585b98-f362-48f2-8aef-a608fab434c6-150x150.jpeg\"  class=\"attachment-thumbnail size-thumbnail\" alt=\"\" loading=\"lazy\" \/><\/a>\n\t\t\t<\/dt><\/dl>\n\t\t\t<br style='clear: both' \/>\n\t\t<\/div>\n\n<p class=\"p1\"><span class=\"s1\">Rep\u00f3rter: Anderson Oliveira\/GOVBA<\/span><\/p>\n<p class=\"p1\"><span class=\"s1\">Fotos: Mateus Pereira\/GOVBA<\/span><\/p>\n","protected":false},"excerpt":{"rendered":"<p>A sa\u00fade de Vit\u00f3ria da Conquista e outras cidades da regi\u00e3o sudoeste da Bahia vai ter um investimento de aproximadamente R$ 22 milh\u00f5es. O an\u00fancio foi feito nesta segunda-feira (27), pelo governador Jer\u00f4nimo Rodrigues, acompanhado da ministra da Sa\u00fade, N\u00edsia Trindade, e da secret\u00e1ria estadual da pasta, Roberta Santana, durante evento no Hospital Afr\u00e2nio Peixoto. [&hellip;]<\/p>\n","protected":false},"author":3,"featured_media":42221,"comment_status":"open","ping_status":"open","sticky":false,"template":"","format":"standard","meta":[],"categories":[7,1],"tags":[],"_links":{"self":[{"href":"https:\/\/www.blogdomassinha.com.br\/v1\/wp-json\/wp\/v2\/posts\/42220"}],"collection":[{"href":"https:\/\/www.blogdomassinha.com.br\/v1\/wp-json\/wp\/v2\/posts"}],"about":[{"href":"https:\/\/www.blogdomassinha.com.br\/v1\/wp-json\/wp\/v2\/types\/post"}],"author":[{"embeddable":true,"href":"https:\/\/www.blogdomassinha.com.br\/v1\/wp-json\/wp\/v2\/users\/3"}],"replies":[{"embeddable":true,"href":"https:\/\/www.blogdomassinha.com.br\/v1\/wp-json\/wp\/v2\/comments?post=42220"}],"version-history":[{"count":1,"href":"https:\/\/www.blogdomassinha.com.br\/v1\/wp-json\/wp\/v2\/posts\/42220\/revisions"}],"predecessor-version":[{"id":42231,"href":"https:\/\/www.blogdomassinha.com.br\/v1\/wp-json\/wp\/v2\/posts\/42220\/revisions\/42231"}],"wp:featuredmedia":[{"embeddable":true,"href":"https:\/\/www.blogdomassinha.com.br\/v1\/wp-json\/wp\/v2\/media\/42221"}],"wp:attachment":[{"href":"https:\/\/www.blogdomassinha.com.br\/v1\/wp-json\/wp\/v2\/media?parent=42220"}],"wp:term":[{"taxonomy":"category","embeddable":true,"href":"https:\/\/www.blogdomassinha.com.br\/v1\/wp-json\/wp\/v2\/categories?post=42220"},{"taxonomy":"post_tag","embeddable":true,"href":"https:\/\/www.blogdomassinha.com.br\/v1\/wp-json\/wp\/v2\/tags?post=42220"}],"curies":[{"name":"wp","href":"https:\/\/api.w.org\/{rel}","templated":true}]}}