{"id":42124,"date":"2023-11-23T00:19:30","date_gmt":"2023-11-23T03:19:30","guid":{"rendered":"https:\/\/www.blogdomassinha.com.br\/v1\/?p=42124"},"modified":"2023-11-23T00:19:30","modified_gmt":"2023-11-23T03:19:30","slug":"vitoria-da-conquista-tera-leitura-completa-da-biblia-em-24-horas","status":"publish","type":"post","link":"https:\/\/www.blogdomassinha.com.br\/v1\/2023\/11\/23\/vitoria-da-conquista-tera-leitura-completa-da-biblia-em-24-horas\/","title":{"rendered":"Vit\u00f3ria da Conquista ter\u00e1 leitura completa da B\u00edblia em 24 horas"},"content":{"rendered":"<p class=\"p1\"><img loading=\"lazy\" class=\"alignright size-medium wp-image-42125\" src=\"https:\/\/www.blogdomassinha.com.br\/v1\/wp-content\/uploads\/2023\/11\/7122b52e-8e59-469a-b143-812da08c1a47-300x300.jpeg\" alt=\"\" width=\"300\" height=\"300\" srcset=\"https:\/\/www.blogdomassinha.com.br\/v1\/wp-content\/uploads\/2023\/11\/7122b52e-8e59-469a-b143-812da08c1a47-300x300.jpeg 300w, https:\/\/www.blogdomassinha.com.br\/v1\/wp-content\/uploads\/2023\/11\/7122b52e-8e59-469a-b143-812da08c1a47-150x150.jpeg 150w, https:\/\/www.blogdomassinha.com.br\/v1\/wp-content\/uploads\/2023\/11\/7122b52e-8e59-469a-b143-812da08c1a47.jpeg 500w\" sizes=\"(max-width: 300px) 100vw, 300px\" \/><\/p>\n<p class=\"p1\"><span class=\"s1\">Vit\u00f3ria da Conquista, na Bahia, sediar\u00e1 o Movimento B24, uma iniciativa da Associa\u00e7\u00e3o de Pastores Evang\u00e9licos de Vit\u00f3ria da Conquista (APEVIC) que visa realizar a leitura completa da B\u00edblia em 24 horas, simultaneamente em sete pontos estrat\u00e9gicos da cidade. O evento acontecer\u00e1 em comemora\u00e7\u00e3o ao Dia Mundial da B\u00edblia, celebrado em 10 de dezembro.<\/span><\/p>\n<p class=\"p1\"><span class=\"s1\">O objetivo do Movimento B24 \u00e9 promover a leitura da B\u00edblia e divulgar a palavra de Deus para a popula\u00e7\u00e3o de Vit\u00f3ria da Conquista. A iniciativa tamb\u00e9m visa incentivar o di\u00e1logo inter-religioso e promover a paz na cidade, servindo de exemplo para outros munic\u00edpios do Brasil<\/span><\/p>\n<p class=\"p1\"><span class=\"s1\">O evento acontecer\u00e1 nos dias 9 e 10 de dezembro, das 16h \u00e0s 16h. Os locais escolhidos para a leitura s\u00e3o:<\/span><\/p>\n<p class=\"p1\"><span class=\"s1\">* Pra\u00e7a da B\u00edblia<\/span><\/p>\n<p class=\"p1\"><span class=\"s1\">* Pra\u00e7a Tancredo Neves<\/span><\/p>\n<p class=\"p1\"><span class=\"s1\">* Espa\u00e7o Cultural Glauber Rocha<\/span><\/p>\n<p class=\"p1\"><span class=\"s1\">* Feirinha da Patag\u00f4nia<\/span><\/p>\n<p class=\"p1\"><span class=\"s1\">* Avenida Ol\u00edvia Flores<\/span><\/p>\n<p class=\"p1\"><span class=\"s1\">* Shopping Boulevard (em frente)<\/span><\/p>\n<p class=\"p1\"><span class=\"s1\">* Shopping Conquista Sul (em frente)<\/span><!--more--><\/p>\n<p class=\"p1\"><span class=\"s1\">Em cada ponto, haver\u00e1 a participa\u00e7\u00e3o de pelo menos tr\u00eas igrejas respons\u00e1veis pelo plant\u00e3o de leitura e escala da popula\u00e7\u00e3o em geral. A prefeita de Vit\u00f3ria da Conquista, Sheila Lemos, realizar\u00e1 a leitura do primeiro e \u00faltimo cap\u00edtulo da B\u00edblia.<\/span><\/p>\n<p class=\"p1\"><span class=\"s1\">A estrutura do evento contar\u00e1 com sete toldos 5&#215;5, sete banners, sete mesas com microfone e caixa de som, cadeiras pl\u00e1sticas, sete B\u00edblias com letra gigante e suporte 24 horas da Guarda Municipal.<\/span><\/p>\n<p class=\"p1\"><span class=\"s1\">Cronograma:<\/span><\/p>\n<p class=\"p1\"><span class=\"s1\">* In\u00edcio da leitura simult\u00e2nea: 9 de dezembro \u00e0s 16h<\/span><\/p>\n<p class=\"p1\"><span class=\"s1\">* Encerramento da leitura: 10 de dezembro \u00e0s 16h<\/span><\/p>\n<p class=\"p1\"><span class=\"s1\">O Movimento B24 \u00e9 uma realiza\u00e7\u00e3o da APEVIC, com apoio da Prefeitura Municipal de Vit\u00f3ria da Conquista.<\/span><\/p>\n<p class=\"p1\"><span class=\"s1\">\u201cO Movimento B24 \u00e9 uma iniciativa importante pois visa incentivar a leitura da B\u00edblia, divulgar a palavra de Deus para a popula\u00e7\u00e3o de Vit\u00f3ria da Conquista em geral. O evento tamb\u00e9m tem o potencial de promover a unidade entre os crist\u00e3os, a verdade b\u00edblica, paz e a harmonia social!\u201d Ressaltou Wal Cordeiro, idealizador e coordenador do movimento.<\/span><\/p>\n","protected":false},"excerpt":{"rendered":"<p>Vit\u00f3ria da Conquista, na Bahia, sediar\u00e1 o Movimento B24, uma iniciativa da Associa\u00e7\u00e3o de Pastores Evang\u00e9licos de Vit\u00f3ria da Conquista (APEVIC) que visa realizar a leitura completa da B\u00edblia em 24 horas, simultaneamente em sete pontos estrat\u00e9gicos da cidade. O evento acontecer\u00e1 em comemora\u00e7\u00e3o ao Dia Mundial da B\u00edblia, celebrado em 10 de dezembro. O [&hellip;]<\/p>\n","protected":false},"author":3,"featured_media":42125,"comment_status":"open","ping_status":"open","sticky":false,"template":"","format":"standard","meta":[],"categories":[7,3],"tags":[],"_links":{"self":[{"href":"https:\/\/www.blogdomassinha.com.br\/v1\/wp-json\/wp\/v2\/posts\/42124"}],"collection":[{"href":"https:\/\/www.blogdomassinha.com.br\/v1\/wp-json\/wp\/v2\/posts"}],"about":[{"href":"https:\/\/www.blogdomassinha.com.br\/v1\/wp-json\/wp\/v2\/types\/post"}],"author":[{"embeddable":true,"href":"https:\/\/www.blogdomassinha.com.br\/v1\/wp-json\/wp\/v2\/users\/3"}],"replies":[{"embeddable":true,"href":"https:\/\/www.blogdomassinha.com.br\/v1\/wp-json\/wp\/v2\/comments?post=42124"}],"version-history":[{"count":1,"href":"https:\/\/www.blogdomassinha.com.br\/v1\/wp-json\/wp\/v2\/posts\/42124\/revisions"}],"predecessor-version":[{"id":42126,"href":"https:\/\/www.blogdomassinha.com.br\/v1\/wp-json\/wp\/v2\/posts\/42124\/revisions\/42126"}],"wp:featuredmedia":[{"embeddable":true,"href":"https:\/\/www.blogdomassinha.com.br\/v1\/wp-json\/wp\/v2\/media\/42125"}],"wp:attachment":[{"href":"https:\/\/www.blogdomassinha.com.br\/v1\/wp-json\/wp\/v2\/media?parent=42124"}],"wp:term":[{"taxonomy":"category","embeddable":true,"href":"https:\/\/www.blogdomassinha.com.br\/v1\/wp-json\/wp\/v2\/categories?post=42124"},{"taxonomy":"post_tag","embeddable":true,"href":"https:\/\/www.blogdomassinha.com.br\/v1\/wp-json\/wp\/v2\/tags?post=42124"}],"curies":[{"name":"wp","href":"https:\/\/api.w.org\/{rel}","templated":true}]}}