{"id":42115,"date":"2023-11-23T00:10:10","date_gmt":"2023-11-23T03:10:10","guid":{"rendered":"https:\/\/www.blogdomassinha.com.br\/v1\/?p=42115"},"modified":"2023-11-23T00:10:10","modified_gmt":"2023-11-23T03:10:10","slug":"geraldinho-so-sera-candidato-se-for-consenso-na-base-diz-geddel-sobre-a-prefeitura-de-salvador","status":"publish","type":"post","link":"https:\/\/www.blogdomassinha.com.br\/v1\/2023\/11\/23\/geraldinho-so-sera-candidato-se-for-consenso-na-base-diz-geddel-sobre-a-prefeitura-de-salvador\/","title":{"rendered":"\u201cGeraldinho s\u00f3 ser\u00e1 candidato se for consenso na base\u201d, diz Geddel sobre a prefeitura de Salvador"},"content":{"rendered":"<p class=\"p1\"><img loading=\"lazy\" class=\"size-medium wp-image-42116 alignleft\" src=\"https:\/\/www.blogdomassinha.com.br\/v1\/wp-content\/uploads\/2023\/11\/IMG_5103-300x300.jpeg\" alt=\"\" width=\"300\" height=\"300\" srcset=\"https:\/\/www.blogdomassinha.com.br\/v1\/wp-content\/uploads\/2023\/11\/IMG_5103-300x300.jpeg 300w, https:\/\/www.blogdomassinha.com.br\/v1\/wp-content\/uploads\/2023\/11\/IMG_5103-150x150.jpeg 150w, https:\/\/www.blogdomassinha.com.br\/v1\/wp-content\/uploads\/2023\/11\/IMG_5103.jpeg 500w\" sizes=\"(max-width: 300px) 100vw, 300px\" \/><\/p>\n<p class=\"p1\"><span class=\"s1\">Os irm\u00e3os Vieira Lima, Geddel e L\u00facio, sabem fazer pol\u00edtica, lideram com intelig\u00eancia o que est\u00e1 sob o dom\u00ednio dos dois. Hoje os irm\u00e3os det\u00e9m, talvez, o p\u00eandulo do poder pol\u00edtico no estado no que se refere a governabilidade.<\/span><\/p>\n<p class=\"p1\"><span class=\"s1\">O MDB sempre soube rondar o poder, l\u00e1 atr\u00e1s essa sigla hist\u00f3rica que contou com a lideran\u00e7a do velho e saudoso Ulysses Guimar\u00e3es, depois de uma prega\u00e7\u00e3o gigantesca e libertadora, conseguiu desbancar o que restou da Arena, venceu as elei\u00e7\u00f5es em todos os estados da federa\u00e7\u00e3o, chegou ao poder e depois deixou a grande vit\u00f3ria, como \u00e1gua, escorrer entre os dedos.<\/span><\/p>\n<p class=\"p1\"><span class=\"s1\">Ulysses partiu e deixou um monte de ideias, infelizmente, todas emboloraram nas prateleiras. <\/span><!--more--><\/p>\n<p class=\"p1\"><span class=\"s1\">O MDB continua vivo, dando as cartas, s\u00f3 que n\u00e3o quer ser o rei, quer viver ao dele, e assim segue participando da vida pol\u00edtica nacional, mostrando a sua for\u00e7a, e aqui na Bahia o \u201cpartido da resist\u00eancia\u201d, contando na cabeceira com os irm\u00e3os Vieira Lima, sabe como mexer no tabuleiro e ditar algumas regras para que o atual grupo pol\u00edtico, sob a lideran\u00e7a do governador Jer\u00f4nimo Rodrigues, continue exercendo o poder no estado.<\/span><\/p>\n<p class=\"p1\"><span class=\"s1\">xxxxxxxxxxxx<\/span><\/p>\n<p class=\"p1\"><span class=\"s1\">Geddel se pronunciou sobre a sucess\u00e3o municipal na capital baiana e para ele \u00e9 fundamental que a base esteja unida, e para isso n\u00e3o pode existir duas candidaturas do lado governista: \u201cn\u00e3o seremos problema para o governador, temos o nome de Geraldinho que s\u00f3 disputar\u00e1 o pleito se for candidato de consenso, n\u00e3o sendo assim, n\u00e3o concorrer\u00e1\u201d, teria dito o ex-ministro na semana passada a um \u00f3rg\u00e3o de imprensa de Salvador.<\/span><\/p>\n<p class=\"p1\"><span class=\"s1\">Geddel Vieira Lima n\u00e3o olha apenas para a elei\u00e7\u00e3o de 2024, ele entende que tudo que acontecer no pr\u00f3ximo ano refletir\u00e1 na sucess\u00e3o governamental em 2026.<\/span><\/p>\n<p class=\"p1\"><span class=\"s1\">Uma coisa \u00e9 certa: O MDB \u00e9 um time forte e sabe como e onde escalar os seus jogadores.<\/span><\/p>\n","protected":false},"excerpt":{"rendered":"<p>Os irm\u00e3os Vieira Lima, Geddel e L\u00facio, sabem fazer pol\u00edtica, lideram com intelig\u00eancia o que est\u00e1 sob o dom\u00ednio dos dois. Hoje os irm\u00e3os det\u00e9m, talvez, o p\u00eandulo do poder pol\u00edtico no estado no que se refere a governabilidade. O MDB sempre soube rondar o poder, l\u00e1 atr\u00e1s essa sigla hist\u00f3rica que contou com a [&hellip;]<\/p>\n","protected":false},"author":3,"featured_media":42116,"comment_status":"open","ping_status":"open","sticky":false,"template":"","format":"standard","meta":[],"categories":[7,2],"tags":[],"_links":{"self":[{"href":"https:\/\/www.blogdomassinha.com.br\/v1\/wp-json\/wp\/v2\/posts\/42115"}],"collection":[{"href":"https:\/\/www.blogdomassinha.com.br\/v1\/wp-json\/wp\/v2\/posts"}],"about":[{"href":"https:\/\/www.blogdomassinha.com.br\/v1\/wp-json\/wp\/v2\/types\/post"}],"author":[{"embeddable":true,"href":"https:\/\/www.blogdomassinha.com.br\/v1\/wp-json\/wp\/v2\/users\/3"}],"replies":[{"embeddable":true,"href":"https:\/\/www.blogdomassinha.com.br\/v1\/wp-json\/wp\/v2\/comments?post=42115"}],"version-history":[{"count":1,"href":"https:\/\/www.blogdomassinha.com.br\/v1\/wp-json\/wp\/v2\/posts\/42115\/revisions"}],"predecessor-version":[{"id":42117,"href":"https:\/\/www.blogdomassinha.com.br\/v1\/wp-json\/wp\/v2\/posts\/42115\/revisions\/42117"}],"wp:featuredmedia":[{"embeddable":true,"href":"https:\/\/www.blogdomassinha.com.br\/v1\/wp-json\/wp\/v2\/media\/42116"}],"wp:attachment":[{"href":"https:\/\/www.blogdomassinha.com.br\/v1\/wp-json\/wp\/v2\/media?parent=42115"}],"wp:term":[{"taxonomy":"category","embeddable":true,"href":"https:\/\/www.blogdomassinha.com.br\/v1\/wp-json\/wp\/v2\/categories?post=42115"},{"taxonomy":"post_tag","embeddable":true,"href":"https:\/\/www.blogdomassinha.com.br\/v1\/wp-json\/wp\/v2\/tags?post=42115"}],"curies":[{"name":"wp","href":"https:\/\/api.w.org\/{rel}","templated":true}]}}