{"id":42010,"date":"2023-11-14T10:05:06","date_gmt":"2023-11-14T13:05:06","guid":{"rendered":"https:\/\/www.blogdomassinha.com.br\/v1\/?p=42010"},"modified":"2023-11-14T10:05:06","modified_gmt":"2023-11-14T13:05:06","slug":"secretaria-municipal-do-meio-ambiente-relata-danos-causados-pelas-queimadas-a-saude-a-fauna-e-a-flora","status":"publish","type":"post","link":"https:\/\/www.blogdomassinha.com.br\/v1\/2023\/11\/14\/secretaria-municipal-do-meio-ambiente-relata-danos-causados-pelas-queimadas-a-saude-a-fauna-e-a-flora\/","title":{"rendered":"Secretaria Municipal do Meio Ambiente relata danos causados pelas queimadas \u00e0 sa\u00fade, \u00e0 fauna e \u00e0 flora"},"content":{"rendered":"<p data-reader-unique-id=\"1\"><img loading=\"lazy\" class=\"size-medium wp-image-42011 alignleft\" src=\"https:\/\/www.blogdomassinha.com.br\/v1\/wp-content\/uploads\/2023\/11\/IMG_4930-300x200.jpeg\" alt=\"\" width=\"300\" height=\"200\" srcset=\"https:\/\/www.blogdomassinha.com.br\/v1\/wp-content\/uploads\/2023\/11\/IMG_4930-300x200.jpeg 300w, https:\/\/www.blogdomassinha.com.br\/v1\/wp-content\/uploads\/2023\/11\/IMG_4930.jpeg 600w\" sizes=\"(max-width: 300px) 100vw, 300px\" \/><br \/>\nCom o tempo seco, a ocorr\u00eancia de inc\u00eandios em Vit\u00f3ria da Conquista aumentou de forma significativa nos \u00faltimos dias, comprometendo a sa\u00fade da popula\u00e7\u00e3o e a situa\u00e7\u00e3o da fauna e da flora local. Neste final de semana, a Secretaria do Meio Ambiente intensificou o trabalho de controle das chamas que persistem nesta segunda-feira (13). A situa\u00e7\u00e3o \u00e9 preocupante.<\/p>\n<p data-reader-unique-id=\"2\">As \u00e1reas atingidas pelo fogo abrangem uma extensa parte do munic\u00edpio, sobretudo na zona rural e pr\u00f3ximo \u00e0 Serra do Periperi, em \u00e1rea urbana, com focos de inc\u00eandios provocados principalmente por a\u00e7\u00e3o humana. Esp\u00e9cies nativas da vegeta\u00e7\u00e3o da Serra, como o <em data-reader-unique-id=\"3\">melocactus conoideus,<\/em> t\u00eam sido severamente afetadas, comprometendo a biodiversidade da regi\u00e3o.<\/p>\n<p data-reader-unique-id=\"7\">A vegeta\u00e7\u00e3o nativa desempenha um papel crucial na reten\u00e7\u00e3o de \u00e1gua durante os per\u00edodos de chuva, ajudando a manter os recursos h\u00eddricos e prevenindo enchentes. Com o comprometimento dessas \u00e1reas, a popula\u00e7\u00e3o tende a enfrentar problemas de sa\u00fade em curto prazo e outros relacionados \u00e0 escassez de \u00e1gua e instabilidade ambiental no futuro.<\/p>\n<p data-reader-unique-id=\"8\">A secret\u00e1ria do Meio Ambiente, Ana Cl\u00e1udia Passos, relata que foram atendidas, entre s\u00e1bado (11) e domingo (12), mais de 20 ocorr\u00eancias em locais diferentes. \u201cO dano \u00e9 muito grande, causado tanto \u00e0s esp\u00e9cies de plantas, de vegeta\u00e7\u00e3o, de animais, mas ainda n\u00e3o deu pra gente estimar o preju\u00edzo que foi gerado pelos inc\u00eandios deste final de semana\u201d, afirmou.<\/p>\n<p data-reader-unique-id=\"9\">A secret\u00e1ria ressaltou preocupa\u00e7\u00e3o com a situa\u00e7\u00e3o da cidade e destacou o trabalho da equipe de brigadistas da Semma, que conta com apenas 10 servidores e tem trabalhado incansavelmente para combater as queimadas. Entretanto, o combate a esses inc\u00eandios tem sido desafiador devido \u00e0s condi\u00e7\u00f5es clim\u00e1ticas adversas e \u00e0 vasta extens\u00e3o das \u00e1reas afetadas. \u201cEstamos empenhados em combater os inc\u00eandios, com setores da secretaria envolvidos em desenvolver solu\u00e7\u00f5es\u201d, reiterou Ana Cl\u00e1udia.<\/p>\n<p data-reader-unique-id=\"10\"><strong data-reader-unique-id=\"11\">Aviso de baixa umidade para os pr\u00f3ximos dias<\/strong><\/p>\n<p data-reader-unique-id=\"12\">O Instituto Nacional de Meteorologia (Inmet) publicou aviso de \u201cRisco \u00e0 Sa\u00fade\u201d, em decorr\u00eancia de Temperatura 5\u00baC acima da m\u00e9dia, por per\u00edodo maior do que 5 dias, em grau de severidade \u201cGrande Perigo\u201d, para Vit\u00f3ria da Conquista e grande parte do semi\u00e1rido baiano.\u00a0<a href=\"https:\/\/www.pmvc.ba.gov.br\/vitoria-da-conquista-esta-com-alertas-de-onda-de-calor-e-baixa-umidade-emitidos-pelo-inmet-ate-sexta-feira17\/\" data-reader-unique-id=\"13\">https:\/\/www.pmvc.ba.gov.br\/vitoria-da-conquista-esta-com-alertas-de-onda-de-calor-e-baixa-umidade-emitidos-pelo-inmet-ate-sexta-feira17\/<\/a><br \/>\n<!--more--><\/p>\n<p data-reader-unique-id=\"16\"><img loading=\"lazy\" class=\"alignright size-medium wp-image-42012\" src=\"https:\/\/www.blogdomassinha.com.br\/v1\/wp-content\/uploads\/2023\/11\/IMG_4928-300x255.png\" alt=\"\" width=\"300\" height=\"255\" srcset=\"https:\/\/www.blogdomassinha.com.br\/v1\/wp-content\/uploads\/2023\/11\/IMG_4928-300x255.png 300w, https:\/\/www.blogdomassinha.com.br\/v1\/wp-content\/uploads\/2023\/11\/IMG_4928.png 588w\" sizes=\"(max-width: 300px) 100vw, 300px\" \/><\/p>\n<p data-reader-unique-id=\"16\">Assim, al\u00e9m de danos ambientais, a fuma\u00e7a resultante dos inc\u00eandios tende a prejudicar a qualidade do ar, o que pode levar a problemas respirat\u00f3rios em algumas pessoas.<\/p>\n<p data-reader-unique-id=\"17\">Diante dessa situa\u00e7\u00e3o, \u00e9 crucial que a popula\u00e7\u00e3o se mantenha informada e siga as orienta\u00e7\u00f5es das autoridades locais. Evitar atividades que possam gerar fa\u00edscas ou chamas, denunciar qualquer comportamento suspeito que possa levar a inc\u00eandios criminosos e apoiar os esfor\u00e7os da brigada de inc\u00eandio s\u00e3o medidas importantes para ajudar a conter essa onda de destrui\u00e7\u00e3o.<\/p>\n<p data-reader-unique-id=\"18\">As autoridades como a Semma, a Defesa Civil Municipal e o Corpo de Bombeiros est\u00e3o empenhadas em controlar os inc\u00eandios e minimizar os danos. No entanto, \u00e9 fundamental que haja um esfor\u00e7o conjunto da comunidade, governo e sociedade civil para proteger o meio ambiente e garantir a seguran\u00e7a e o bem-estar da popula\u00e7\u00e3o.<\/p>\n<p data-reader-unique-id=\"19\">A Semma conclama \u00e0 popula\u00e7\u00e3o que tamb\u00e9m ajude e auxilie na fiscaliza\u00e7\u00e3o, denunciando a a\u00e7\u00e3o de queimadas intencionais, enquadrada como crime previsto tanto no C\u00f3digo Penal quanto na Lei de Crimes Ambientais.<\/p>\n<p data-reader-unique-id=\"20\">A Coordena\u00e7\u00e3o de Defesa Civil tamb\u00e9m enfatiza a participa\u00e7\u00e3o da popula\u00e7\u00e3o com:<\/p>\n<ul data-reader-unique-id=\"21\">\n<li data-reader-unique-id=\"22\">A destina\u00e7\u00e3o correta do lixo, por meio dos sistemas de coleta;<\/li>\n<li data-reader-unique-id=\"23\">Descarte cigarros, f\u00f3sforos e outros materiais inflam\u00e1veis em local apropriado;<\/li>\n<li data-reader-unique-id=\"24\">Manuten\u00e7\u00e3o de lotes e terrenos limpos, sem o uso de fogo para isso;<\/li>\n<li data-reader-unique-id=\"25\">N\u00e3o solte fogos de artif\u00edcios nem fa\u00e7a fogueiras;<\/li>\n<li data-reader-unique-id=\"26\">Caso tenha propriedade rural, mantenha limpos os aceiros<\/li>\n<\/ul>\n<p data-reader-unique-id=\"27\">A popula\u00e7\u00e3o pode entrar em contato com a Secretaria de Meio Ambiente pelo n\u00famero <strong data-reader-unique-id=\"28\"><a href=\"tel:3429 7906\" data-reader-unique-id=\"29\">3429 7906<\/a><\/strong>; e Corpo de Bombeiros, pelo <strong data-reader-unique-id=\"30\">193<\/strong><strong data-reader-unique-id=\"31\">.<\/strong><\/p>\n","protected":false},"excerpt":{"rendered":"<p>Com o tempo seco, a ocorr\u00eancia de inc\u00eandios em Vit\u00f3ria da Conquista aumentou de forma significativa nos \u00faltimos dias, comprometendo a sa\u00fade da popula\u00e7\u00e3o e a situa\u00e7\u00e3o da fauna e da flora local. Neste final de semana, a Secretaria do Meio Ambiente intensificou o trabalho de controle das chamas que persistem nesta segunda-feira (13). A [&hellip;]<\/p>\n","protected":false},"author":3,"featured_media":42011,"comment_status":"open","ping_status":"open","sticky":false,"template":"","format":"standard","meta":[],"categories":[7,1],"tags":[],"_links":{"self":[{"href":"https:\/\/www.blogdomassinha.com.br\/v1\/wp-json\/wp\/v2\/posts\/42010"}],"collection":[{"href":"https:\/\/www.blogdomassinha.com.br\/v1\/wp-json\/wp\/v2\/posts"}],"about":[{"href":"https:\/\/www.blogdomassinha.com.br\/v1\/wp-json\/wp\/v2\/types\/post"}],"author":[{"embeddable":true,"href":"https:\/\/www.blogdomassinha.com.br\/v1\/wp-json\/wp\/v2\/users\/3"}],"replies":[{"embeddable":true,"href":"https:\/\/www.blogdomassinha.com.br\/v1\/wp-json\/wp\/v2\/comments?post=42010"}],"version-history":[{"count":1,"href":"https:\/\/www.blogdomassinha.com.br\/v1\/wp-json\/wp\/v2\/posts\/42010\/revisions"}],"predecessor-version":[{"id":42013,"href":"https:\/\/www.blogdomassinha.com.br\/v1\/wp-json\/wp\/v2\/posts\/42010\/revisions\/42013"}],"wp:featuredmedia":[{"embeddable":true,"href":"https:\/\/www.blogdomassinha.com.br\/v1\/wp-json\/wp\/v2\/media\/42011"}],"wp:attachment":[{"href":"https:\/\/www.blogdomassinha.com.br\/v1\/wp-json\/wp\/v2\/media?parent=42010"}],"wp:term":[{"taxonomy":"category","embeddable":true,"href":"https:\/\/www.blogdomassinha.com.br\/v1\/wp-json\/wp\/v2\/categories?post=42010"},{"taxonomy":"post_tag","embeddable":true,"href":"https:\/\/www.blogdomassinha.com.br\/v1\/wp-json\/wp\/v2\/tags?post=42010"}],"curies":[{"name":"wp","href":"https:\/\/api.w.org\/{rel}","templated":true}]}}