{"id":41942,"date":"2023-11-10T10:15:29","date_gmt":"2023-11-10T13:15:29","guid":{"rendered":"https:\/\/www.blogdomassinha.com.br\/v1\/?p=41942"},"modified":"2023-11-10T10:16:03","modified_gmt":"2023-11-10T13:16:03","slug":"jeronimo-prestigia-semana-da-cultura-evangelica-de-vitoria-da-conquista-e-sanciona-lei-que-cria-dia-estadual-em-comemoracao-a-reforma-protestante","status":"publish","type":"post","link":"https:\/\/www.blogdomassinha.com.br\/v1\/2023\/11\/10\/jeronimo-prestigia-semana-da-cultura-evangelica-de-vitoria-da-conquista-e-sanciona-lei-que-cria-dia-estadual-em-comemoracao-a-reforma-protestante\/","title":{"rendered":"Jer\u00f4nimo prestigia Semana da Cultura Evang\u00e9lica de Vit\u00f3ria da Conquista e sanciona lei que cria Dia Estadual em Comemora\u00e7\u00e3o \u00e0 Reforma Protestante"},"content":{"rendered":"<p class=\"p1\"><img loading=\"lazy\" class=\"size-medium wp-image-41946 alignright\" src=\"https:\/\/www.blogdomassinha.com.br\/v1\/wp-content\/uploads\/2023\/11\/f406f57e-6c37-49bb-aff5-2ae165cfed21-300x200.jpeg\" alt=\"\" width=\"300\" height=\"200\" srcset=\"https:\/\/www.blogdomassinha.com.br\/v1\/wp-content\/uploads\/2023\/11\/f406f57e-6c37-49bb-aff5-2ae165cfed21-300x200.jpeg 300w, https:\/\/www.blogdomassinha.com.br\/v1\/wp-content\/uploads\/2023\/11\/f406f57e-6c37-49bb-aff5-2ae165cfed21.jpeg 600w\" sizes=\"(max-width: 300px) 100vw, 300px\" \/><\/p>\n<p class=\"p1\"><span class=\"s1\">A 17\u00aa Semana da Cultura Evang\u00e9lica de Vit\u00f3ria da Conquista, no sudoeste baiano, foi encerrada nesta quinta-feira (9), com uma Marcha para Jesus que percorreu as ruas da cidade e uma programa\u00e7\u00e3o com shows e ora\u00e7\u00e3o no Espa\u00e7o Glauber Rocha. A iniciativa teve apoio do Governo do Estado, atrav\u00e9s da Superintend\u00eancia de Fomento ao Turismo (Sufotur), \u00f3rg\u00e3o ligado \u00e0 Secretaria de Turismo (Setur). A a\u00e7\u00e3o faz parte da estrat\u00e9gia de promo\u00e7\u00e3o dos roteiros religiosos na Bahia e contou com investimento de R$ 70 mil. O governador Jer\u00f4nimo Rodrigues prestigiou o evento ao lado da primeira-dama, Tatiana Veloso, dando in\u00edcio a uma agenda extensa de compromissos no munic\u00edpio, que segue at\u00e9 s\u00e1bado (11). <\/span><\/p>\n<p class=\"p1\"><span class=\"s1\">Durante a visita, o governador sancionou o projeto de lei n\u00b0 22.492\/2017, que institui o Dia Estadual em Comemora\u00e7\u00e3o \u00e0 Reforma Protestante (Dia do Evang\u00e9lico), que ser\u00e1 celebrado anualmente no dia 31 de outubro. O projeto, proposto pelo deputado Jos\u00e9 de Arimateia, j\u00e1 foi aprovado pela Assembleia Legislativa da Bahia (Alba).<\/span><\/p>\n<p><img loading=\"lazy\" class=\"size-medium wp-image-41943 alignleft\" src=\"https:\/\/www.blogdomassinha.com.br\/v1\/wp-content\/uploads\/2023\/11\/10c7b515-af66-4de2-8fe4-422023acb703-300x164.jpeg\" alt=\"\" width=\"300\" height=\"164\" srcset=\"https:\/\/www.blogdomassinha.com.br\/v1\/wp-content\/uploads\/2023\/11\/10c7b515-af66-4de2-8fe4-422023acb703-300x164.jpeg 300w, https:\/\/www.blogdomassinha.com.br\/v1\/wp-content\/uploads\/2023\/11\/10c7b515-af66-4de2-8fe4-422023acb703.jpeg 600w\" sizes=\"(max-width: 300px) 100vw, 300px\" \/><\/p>\n<p class=\"p1\"><span class=\"s1\">\u201cEu quero parabenizar a Vit\u00f3ria da Conquista pelos quase 200 anos de emancipa\u00e7\u00e3o pol\u00edtica. \u00c9 uma cidade que tem um marco importante na economia, na cultura do Brasil, na educa\u00e7\u00e3o e \u00e9 um munic\u00edpio estrat\u00e9gico para o desenvolvimento do Estado da Bahia. Vim para uma agenda de entregas, mas tamb\u00e9m vim participar dessas comemora\u00e7\u00f5es, pedir b\u00ean\u00e7\u00e3os a Deus, pela paz no mundo e for\u00e7a para combatermos a pobreza e a fome. Aproveitei a oportunidade para assinar essa lei que institui o dia estadual em celebra\u00e7\u00e3o \u00e0 comunidade evang\u00e9lica\u201d, explicou Jer\u00f4nimo.<\/span><!--more--><\/p>\n<p class=\"p1\"><span class=\"s1\">O governador lembrou que o Governo do Estado tem apoiado eventos religiosos em todo o estado. \u201cN\u00f3s fizemos o Canta Bahia em Cama\u00e7ari, Salvador e Feira de Santana, e como aqui tem um movimento pr\u00f3prio que \u00e9 essa Marcha para Jesus, apoiamos a pedido dos companheiros\u201d, completou Jer\u00f4nimo que assistiu ao show da cantora Valesca Mayssa.<\/span><\/p>\n<p class=\"p1\"><span class=\"s1\">Organizado pela Associa\u00e7\u00e3o dos Pastores Evang\u00e9licos de Vit\u00f3ria da Conquista (Apevic), o evento aconteceu entre os dias 30 de outubro de 9 de novembro, com diversas atividades. \u201cA gente est\u00e1 muito feliz com tudo acontecendo. N\u00f3s chamamos de Semana da Cultura Evang\u00e9lica, mas est\u00e1 entrando quase uma quinzena. E n\u00f3s agradecemos muito ao Governo do Estado pela parceria, por ter enviado duas atra\u00e7\u00f5es de peso para o nosso evento. E agradecemos a Deus. Fazemos a festa para que o Senhor Jesus seja adorado. E todas essas parcerias contribuem para o crescimento e a relev\u00e2ncia do povo evang\u00e9lico no estado da Bahia\u201d, afirmou o presidente da Apevic, Pastor George Costa.<\/span><\/p>\n<p class=\"p1\"><span class=\"s1\">Rep\u00f3rter: Lina Magali\/GOVBA<\/span><\/p>\n<p class=\"p1\"><span class=\"s1\">Fotos: Mateus Pereira GOVBA<\/span><\/p>\n\n\t\t<style type=\"text\/css\">\n\t\t\t#gallery-1 {\n\t\t\t\tmargin: auto;\n\t\t\t}\n\t\t\t#gallery-1 .gallery-item {\n\t\t\t\tfloat: left;\n\t\t\t\tmargin-top: 10px;\n\t\t\t\ttext-align: center;\n\t\t\t\twidth: 33%;\n\t\t\t}\n\t\t\t#gallery-1 img {\n\t\t\t\tborder: 2px solid #cfcfcf;\n\t\t\t}\n\t\t\t#gallery-1 .gallery-caption {\n\t\t\t\tmargin-left: 0;\n\t\t\t}\n\t\t\t\/* see gallery_shortcode() in wp-includes\/media.php *\/\n\t\t<\/style>\n\t\t<div id='gallery-1' class='gallery galleryid-41942 gallery-columns-3 gallery-size-thumbnail'><dl class='gallery-item'>\n\t\t\t<dt class='gallery-icon landscape'>\n\t\t\t\t<a href=\"https:\/\/www.blogdomassinha.com.br\/v1\/wp-content\/uploads\/2023\/11\/10c7b515-af66-4de2-8fe4-422023acb703.jpeg\" class=\"gallery_colorbox\"><img width=\"150\" height=\"150\" src=\"https:\/\/www.blogdomassinha.com.br\/v1\/wp-content\/uploads\/2023\/11\/10c7b515-af66-4de2-8fe4-422023acb703-150x150.jpeg\"  class=\"attachment-thumbnail size-thumbnail\" alt=\"\" loading=\"lazy\" \/><\/a>\n\t\t\t<\/dt><\/dl><dl class='gallery-item'>\n\t\t\t<dt class='gallery-icon landscape'>\n\t\t\t\t<a href=\"https:\/\/www.blogdomassinha.com.br\/v1\/wp-content\/uploads\/2023\/11\/a8524253-6d28-47bb-913b-653a9c63d19a.jpeg\" class=\"gallery_colorbox\"><img width=\"150\" height=\"150\" src=\"https:\/\/www.blogdomassinha.com.br\/v1\/wp-content\/uploads\/2023\/11\/a8524253-6d28-47bb-913b-653a9c63d19a-150x150.jpeg\"  class=\"attachment-thumbnail size-thumbnail\" alt=\"\" loading=\"lazy\" \/><\/a>\n\t\t\t<\/dt><\/dl><dl class='gallery-item'>\n\t\t\t<dt class='gallery-icon landscape'>\n\t\t\t\t<a href=\"https:\/\/www.blogdomassinha.com.br\/v1\/wp-content\/uploads\/2023\/11\/febb0a54-6df1-4c1c-86b8-59a20bdde752.jpeg\" class=\"gallery_colorbox\"><img width=\"150\" height=\"150\" src=\"https:\/\/www.blogdomassinha.com.br\/v1\/wp-content\/uploads\/2023\/11\/febb0a54-6df1-4c1c-86b8-59a20bdde752-150x150.jpeg\"  class=\"attachment-thumbnail size-thumbnail\" alt=\"\" loading=\"lazy\" \/><\/a>\n\t\t\t<\/dt><\/dl><br style=\"clear: both\" \/><dl class='gallery-item'>\n\t\t\t<dt class='gallery-icon landscape'>\n\t\t\t\t<a href=\"https:\/\/www.blogdomassinha.com.br\/v1\/wp-content\/uploads\/2023\/11\/f406f57e-6c37-49bb-aff5-2ae165cfed21.jpeg\" class=\"gallery_colorbox\"><img width=\"150\" height=\"150\" src=\"https:\/\/www.blogdomassinha.com.br\/v1\/wp-content\/uploads\/2023\/11\/f406f57e-6c37-49bb-aff5-2ae165cfed21-150x150.jpeg\"  class=\"attachment-thumbnail size-thumbnail\" alt=\"\" loading=\"lazy\" \/><\/a>\n\t\t\t<\/dt><\/dl><dl class='gallery-item'>\n\t\t\t<dt class='gallery-icon landscape'>\n\t\t\t\t<a href=\"https:\/\/www.blogdomassinha.com.br\/v1\/wp-content\/uploads\/2023\/11\/b10409b9-2737-4a7c-ada8-4932d265419e.jpeg\" class=\"gallery_colorbox\"><img width=\"150\" height=\"150\" src=\"https:\/\/www.blogdomassinha.com.br\/v1\/wp-content\/uploads\/2023\/11\/b10409b9-2737-4a7c-ada8-4932d265419e-150x150.jpeg\"  class=\"attachment-thumbnail size-thumbnail\" alt=\"\" loading=\"lazy\" \/><\/a>\n\t\t\t<\/dt><\/dl><dl class='gallery-item'>\n\t\t\t<dt class='gallery-icon landscape'>\n\t\t\t\t<a href=\"https:\/\/www.blogdomassinha.com.br\/v1\/wp-content\/uploads\/2023\/11\/fef28fe0-bd98-40ce-a060-c27201aac457.jpeg\" class=\"gallery_colorbox\"><img width=\"150\" height=\"150\" src=\"https:\/\/www.blogdomassinha.com.br\/v1\/wp-content\/uploads\/2023\/11\/fef28fe0-bd98-40ce-a060-c27201aac457-150x150.jpeg\"  class=\"attachment-thumbnail size-thumbnail\" alt=\"\" loading=\"lazy\" \/><\/a>\n\t\t\t<\/dt><\/dl><br style=\"clear: both\" \/>\n\t\t<\/div>\n\n","protected":false},"excerpt":{"rendered":"<p>A 17\u00aa Semana da Cultura Evang\u00e9lica de Vit\u00f3ria da Conquista, no sudoeste baiano, foi encerrada nesta quinta-feira (9), com uma Marcha para Jesus que percorreu as ruas da cidade e uma programa\u00e7\u00e3o com shows e ora\u00e7\u00e3o no Espa\u00e7o Glauber Rocha. A iniciativa teve apoio do Governo do Estado, atrav\u00e9s da Superintend\u00eancia de Fomento ao Turismo [&hellip;]<\/p>\n","protected":false},"author":3,"featured_media":41946,"comment_status":"open","ping_status":"open","sticky":false,"template":"","format":"standard","meta":[],"categories":[7,3],"tags":[],"_links":{"self":[{"href":"https:\/\/www.blogdomassinha.com.br\/v1\/wp-json\/wp\/v2\/posts\/41942"}],"collection":[{"href":"https:\/\/www.blogdomassinha.com.br\/v1\/wp-json\/wp\/v2\/posts"}],"about":[{"href":"https:\/\/www.blogdomassinha.com.br\/v1\/wp-json\/wp\/v2\/types\/post"}],"author":[{"embeddable":true,"href":"https:\/\/www.blogdomassinha.com.br\/v1\/wp-json\/wp\/v2\/users\/3"}],"replies":[{"embeddable":true,"href":"https:\/\/www.blogdomassinha.com.br\/v1\/wp-json\/wp\/v2\/comments?post=41942"}],"version-history":[{"count":2,"href":"https:\/\/www.blogdomassinha.com.br\/v1\/wp-json\/wp\/v2\/posts\/41942\/revisions"}],"predecessor-version":[{"id":41950,"href":"https:\/\/www.blogdomassinha.com.br\/v1\/wp-json\/wp\/v2\/posts\/41942\/revisions\/41950"}],"wp:featuredmedia":[{"embeddable":true,"href":"https:\/\/www.blogdomassinha.com.br\/v1\/wp-json\/wp\/v2\/media\/41946"}],"wp:attachment":[{"href":"https:\/\/www.blogdomassinha.com.br\/v1\/wp-json\/wp\/v2\/media?parent=41942"}],"wp:term":[{"taxonomy":"category","embeddable":true,"href":"https:\/\/www.blogdomassinha.com.br\/v1\/wp-json\/wp\/v2\/categories?post=41942"},{"taxonomy":"post_tag","embeddable":true,"href":"https:\/\/www.blogdomassinha.com.br\/v1\/wp-json\/wp\/v2\/tags?post=41942"}],"curies":[{"name":"wp","href":"https:\/\/api.w.org\/{rel}","templated":true}]}}